{"id":35066,"date":"2025-06-14T13:56:29","date_gmt":"2025-06-14T10:56:29","guid":{"rendered":"https:\/\/www.egemtv.com\/?p=35066"},"modified":"2025-06-14T13:56:30","modified_gmt":"2025-06-14T10:56:30","slug":"germencikteki-orman-yangina-6-helikopter-ile-mudahale-ediliyor","status":"publish","type":"post","link":"https:\/\/www.egemtv.com\/?p=35066","title":{"rendered":"Germencik\u2019teki orman yang\u0131na 6 helikopter ile m\u00fcdahale ediliyor"},"content":{"rendered":"<p>Ayd\u0131n\u2019\u0131n Germencik il\u00e7esinde \u00e7\u0131kan orman yang\u0131na 6 helikopter ile havadan yo\u011fun \u015fekilde m\u00fcdahale ediliyor.<br \/>\n<br \/>Yang\u0131n, k\u0131rsal Damp\u0131nar Mahallesi yak\u0131nlar\u0131nda saat 12.15 s\u0131ralar\u0131nda meydana geldi. Edinilen bilgiye g\u00f6re, ormanl\u0131k alandan alevlerin y\u00fckseldi\u011fini fark eden vatanda\u015flar durumu 112 Acil \u00c7a\u011fr\u0131 Merkezi\u2019ne bildirdi. \u0130hbar \u00fczerine b\u00f6lgeye itfaiye ve orman ekipleri sevk edildi. K\u0131sa s\u00fcrede yang\u0131n yerine gelen Ayd\u0131n B\u00fcy\u00fck\u015fehir Belediyesi \u0130tfaiye Daire Ba\u015fkanl\u0131\u011f\u0131 ve Mu\u011fla Orman B\u00f6lge M\u00fcd\u00fcrl\u00fc\u011f\u00fc\u2019ne ba\u011fl\u0131 ekipler alevlere karadan m\u00fcdahale ederken, orman te\u015fkilat\u0131na ba\u011fl\u0131 helikopterler de havadan sortileri ile ekiplere havadan destek veriyor.<\/p>\n<p>Havadan yo\u011fun m\u00fcdahale s\u00fcr\u00fcyor<br \/>\n<br \/>Mu\u011fla Orman B\u00f6lge M\u00fcd\u00fcrl\u00fc\u011f\u00fc\u2019nden yap\u0131lan a\u00e7\u0131klamada; yang\u0131na 6 helikopter ile havadan yo\u011fun m\u00fcdahalenin yan\u0131 s\u0131ra, 16 araz\u00f6z, 5 su tankeri, 1 ilk m\u00fcdahale arac\u0131 ve 1 dozer olmak \u00fczere 23 kara arac\u0131 ile 101 personelle de karadan m\u00fcdahalenin s\u00fcrd\u00fc\u011f\u00fc \u00f6\u011frenildi.<br \/><\/p>\n","protected":false},"excerpt":{"rendered":"<p>Ayd\u0131n\u2019\u0131n Germencik il\u00e7esinde \u00e7\u0131kan orman yang\u0131na 6 helikopter ile havadan yo\u011fun \u015fekilde m\u00fcdahale ediliyor. Yang\u0131n, k\u0131rsal Damp\u0131nar Mahallesi yak\u0131nlar\u0131nda saat 12.15 s\u0131ralar\u0131nda meydana geldi. Edinilen bilgiye g\u00f6re, ormanl\u0131k alandan alevlerin y\u00fckseldi\u011fini fark eden vatanda\u015flar durumu 112 Acil \u00c7a\u011fr\u0131 Merkezi\u2019ne bildirdi. \u0130hbar \u00fczerine b\u00f6lgeye itfaiye ve orman ekipleri sevk edildi. K\u0131sa s\u00fcrede yang\u0131n yerine gelen Ayd\u0131n&#8230;<\/p>\n","protected":false},"author":1,"featured_media":35067,"comment_status":"open","ping_status":"open","sticky":false,"template":"","format":"standard","meta":{"_crdt_document":"","footnotes":""},"categories":[5],"tags":[],"class_list":["post-35066","post","type-post","status-publish","format-standard","has-post-thumbnail","hentry","category-asayis"],"_links":{"self":[{"href":"https:\/\/www.egemtv.com\/index.php?rest_route=\/wp\/v2\/posts\/35066","targetHints":{"allow":["GET"]}}],"collection":[{"href":"https:\/\/www.egemtv.com\/index.php?rest_route=\/wp\/v2\/posts"}],"about":[{"href":"https:\/\/www.egemtv.com\/index.php?rest_route=\/wp\/v2\/types\/post"}],"author":[{"embeddable":true,"href":"https:\/\/www.egemtv.com\/index.php?rest_route=\/wp\/v2\/users\/1"}],"replies":[{"embeddable":true,"href":"https:\/\/www.egemtv.com\/index.php?rest_route=%2Fwp%2Fv2%2Fcomments&post=35066"}],"version-history":[{"count":1,"href":"https:\/\/www.egemtv.com\/index.php?rest_route=\/wp\/v2\/posts\/35066\/revisions"}],"predecessor-version":[{"id":35068,"href":"https:\/\/www.egemtv.com\/index.php?rest_route=\/wp\/v2\/posts\/35066\/revisions\/35068"}],"wp:featuredmedia":[{"embeddable":true,"href":"https:\/\/www.egemtv.com\/index.php?rest_route=\/wp\/v2\/media\/35067"}],"wp:attachment":[{"href":"https:\/\/www.egemtv.com\/index.php?rest_route=%2Fwp%2Fv2%2Fmedia&parent=35066"}],"wp:term":[{"taxonomy":"category","embeddable":true,"href":"https:\/\/www.egemtv.com\/index.php?rest_route=%2Fwp%2Fv2%2Fcategories&post=35066"},{"taxonomy":"post_tag","embeddable":true,"href":"https:\/\/www.egemtv.com\/index.php?rest_route=%2Fwp%2Fv2%2Ftags&post=35066"}],"curies":[{"name":"wp","href":"https:\/\/api.w.org\/{rel}","templated":true}]}}