{"id":35063,"date":"2025-06-14T13:36:38","date_gmt":"2025-06-14T10:36:38","guid":{"rendered":"https:\/\/www.egemtv.com\/?p=35063"},"modified":"2025-06-14T13:36:42","modified_gmt":"2025-06-14T10:36:42","slug":"pamukkale-temali-anma-pulu-ve-ilk-gun-zarfini-tanitti","status":"publish","type":"post","link":"https:\/\/www.egemtv.com\/?p=35063","title":{"rendered":"Pamukkale temal\u0131 anma pulu ve ilk g\u00fcn zarf\u0131n\u0131 tan\u0131tt\u0131"},"content":{"rendered":"<p>UNESCO D\u00fcnya K\u00fclt\u00fcrel ve Do\u011fal Miras Listesi\u2019nde yer alan \u2019Pamukkale\u2019 temas\u0131yla haz\u0131rlanan 35 lira bedelli anma pulu ve 70 lira bedelli ilk g\u00fcn zarf\u0131n\u0131 sat\u0131\u015fa sunuldu.<\/p>\n<p>&#8220;Pamukkale&#8221; konulu anma pulu, 60 x 85 mm boyutlar\u0131nda ve 35 TL fiyatla sat\u0131\u015fa sunuldu. Ayr\u0131ca, bu \u00f6zel pula ait 70 TL de\u011ferindeki ilk g\u00fcn zarf\u0131 da sat\u0131\u015fa \u00e7\u0131kt\u0131. Bu \u00fcr\u00fcnlerin, \u00f6zellikle filateli merakl\u0131lar\u0131 ve Pamukkale sevenler taraf\u0131ndan yo\u011fun ilgi g\u00f6rmesi bekleniyor. Bu \u00f6zel filatelik \u00fcr\u00fcnlerin tedav\u00fcle girmesiyle e\u015f zamanl\u0131 olarak, \u00c7\u0131nar \u015fubesinde &#8220;Pamukkale 13.06.2025 Denizli&#8221; ibareli ilk g\u00fcn damgas\u0131 kullan\u0131lmaya ba\u015fland\u0131. Bu \u00f6zel damga, koleksiyoncular i\u00e7in ayr\u0131 bir \u00f6nem ta\u015f\u0131rken ve bu tarihi olay\u0131 belgeleyen de\u011ferli bir unsur olarak kabul ediliyor.<\/p>\n<p>&#8220;Pamukkale\u2019nin tan\u0131t\u0131lmas\u0131 noktas\u0131nda at\u0131lan her ad\u0131m bizim i\u00e7in de\u011ferli&#8221;<br \/>\n<br \/>Denizli denilince akla ilk Pamukkale geldi\u011fi ve bu pullar ile Pamukkale\u2019nin tan\u0131t\u0131m\u0131 noktas\u0131nda \u00f6nemli oldu\u011funu vurgulayan Denizli Valisi \u00d6mer Faruk Co\u015fkun, &#8220;Denizli denilince akla ilk gelen Pamukkale. \u00c7ok b\u00fcy\u00fck bir de\u011ferimiz ve d\u00fcnya miras\u0131m\u0131z. Pamukkale\u2019mizin tan\u0131t\u0131lmas\u0131 noktas\u0131nda at\u0131lan her ad\u0131m bizim i\u00e7in de\u011ferli. Bu pul ile birlikte anma pullar\u0131 bas\u0131yorlar. Pamukkale\u2019mizin tan\u0131t\u0131m\u0131 noktas\u0131nda \u00f6nemli oldu\u011funu d\u00fc\u015f\u00fcnd\u00fc\u011f\u00fcm\u00fcz ve bu y\u0131l ki anma pullar\u0131ndan birisi de Pamukkale ile ilgili. Temennimiz arzumuz hedefimiz Pamukkale\u2019mizin ve Denizli\u2019mizin daha \u00e7ok tan\u0131t\u0131lmas\u0131. Buna vesile olaca\u011f\u0131 i\u00e7in de eme\u011fi ge\u00e7en herkesi te\u015fekk\u00fcr ediyorum&#8221; dedi.<\/p>\n<p>D\u00fczenlenen programa; Denizli Valisi \u00d6mer Faruk Co\u015fkun, Denizli Ba\u015f M\u00fcd\u00fcr Cebrail Akyel, Pamukkale Kaymakam\u0131 U\u011fur Bulut, milletvekilleri, personellerin kat\u0131l\u0131m\u0131 ile ger\u00e7ekle\u015ftirildi. Konu\u015fmalar\u0131n ard\u0131ndan sunumlar yap\u0131ld\u0131 ve ard\u0131ndan toplu foto\u011fraf \u00e7ekilerek etkinlik bitti.<br \/><\/p>\n","protected":false},"excerpt":{"rendered":"<p>UNESCO D\u00fcnya K\u00fclt\u00fcrel ve Do\u011fal Miras Listesi\u2019nde yer alan \u2019Pamukkale\u2019 temas\u0131yla haz\u0131rlanan 35 lira bedelli anma pulu ve 70 lira bedelli ilk g\u00fcn zarf\u0131n\u0131 sat\u0131\u015fa sunuldu. &#8220;Pamukkale&#8221; konulu anma pulu, 60 x 85 mm boyutlar\u0131nda ve 35 TL fiyatla sat\u0131\u015fa sunuldu. Ayr\u0131ca, bu \u00f6zel pula ait 70 TL de\u011ferindeki ilk g\u00fcn zarf\u0131 da sat\u0131\u015fa \u00e7\u0131kt\u0131&#8230;.<\/p>\n","protected":false},"author":1,"featured_media":35064,"comment_status":"open","ping_status":"open","sticky":false,"template":"","format":"standard","meta":{"_crdt_document":"","footnotes":""},"categories":[1],"tags":[],"class_list":["post-35063","post","type-post","status-publish","format-standard","has-post-thumbnail","hentry","category-guncel"],"_links":{"self":[{"href":"https:\/\/www.egemtv.com\/index.php?rest_route=\/wp\/v2\/posts\/35063","targetHints":{"allow":["GET"]}}],"collection":[{"href":"https:\/\/www.egemtv.com\/index.php?rest_route=\/wp\/v2\/posts"}],"about":[{"href":"https:\/\/www.egemtv.com\/index.php?rest_route=\/wp\/v2\/types\/post"}],"author":[{"embeddable":true,"href":"https:\/\/www.egemtv.com\/index.php?rest_route=\/wp\/v2\/users\/1"}],"replies":[{"embeddable":true,"href":"https:\/\/www.egemtv.com\/index.php?rest_route=%2Fwp%2Fv2%2Fcomments&post=35063"}],"version-history":[{"count":1,"href":"https:\/\/www.egemtv.com\/index.php?rest_route=\/wp\/v2\/posts\/35063\/revisions"}],"predecessor-version":[{"id":35065,"href":"https:\/\/www.egemtv.com\/index.php?rest_route=\/wp\/v2\/posts\/35063\/revisions\/35065"}],"wp:featuredmedia":[{"embeddable":true,"href":"https:\/\/www.egemtv.com\/index.php?rest_route=\/wp\/v2\/media\/35064"}],"wp:attachment":[{"href":"https:\/\/www.egemtv.com\/index.php?rest_route=%2Fwp%2Fv2%2Fmedia&parent=35063"}],"wp:term":[{"taxonomy":"category","embeddable":true,"href":"https:\/\/www.egemtv.com\/index.php?rest_route=%2Fwp%2Fv2%2Fcategories&post=35063"},{"taxonomy":"post_tag","embeddable":true,"href":"https:\/\/www.egemtv.com\/index.php?rest_route=%2Fwp%2Fv2%2Ftags&post=35063"}],"curies":[{"name":"wp","href":"https:\/\/api.w.org\/{rel}","templated":true}]}}