{"id":35057,"date":"2025-06-14T13:36:28","date_gmt":"2025-06-14T10:36:28","guid":{"rendered":"https:\/\/www.egemtv.com\/?p=35057"},"modified":"2025-06-14T13:36:33","modified_gmt":"2025-06-14T10:36:33","slug":"ciftcilere-humik-asit-dagitildi","status":"publish","type":"post","link":"https:\/\/www.egemtv.com\/?p=35057","title":{"rendered":"\u00c7ift\u00e7ilere \u2019H\u00fcmik Asit\u2019 da\u011f\u0131t\u0131ld\u0131"},"content":{"rendered":"<p>TK\u0130-H\u00dcMAS \u00d6rnek Uygulamalar\u0131yla Organik Toprak D\u00fczenleyicisi Kullan\u0131m\u0131n\u0131n Yayg\u0131nla\u015ft\u0131r\u0131lmas\u0131&#8221; projesi \u00e7er\u00e7evesinde Afyonkarahisar\u2019da \u00e7ift\u00e7ilere \u2019H\u00fcmik Asit\u2019 da\u011f\u0131t\u0131m\u0131 ger\u00e7ekle\u015ftirildi.<br \/>\n<br \/>Tar\u0131m ve Orman Bakanl\u0131\u011f\u0131 E\u011fitim ve Yay\u0131n Dairesi Ba\u015fkanl\u0131\u011f\u0131 ile T\u00fcrkiye K\u00f6m\u00fcr \u0130\u015fletmeleri Kurumu (TK\u0130) i\u015f birli\u011fiyle y\u00fcr\u00fct\u00fclen TK\u0130-H\u00dcMAS \u00d6rnek Uygulamalar\u0131yla Organik Toprak D\u00fczenleyicisi Kullan\u0131m\u0131n\u0131n Yayg\u0131nla\u015ft\u0131r\u0131lmas\u0131 projesi \u00e7er\u00e7evesinde Afyonkarahisar \u0130l Tar\u0131m ve Orman M\u00fcd\u00fcrl\u00fc\u011f\u00fc\u2019nde h\u00fcmik asit da\u011f\u0131t\u0131m\u0131, bilgilendirme toplant\u0131s\u0131 ve arazide uygulamal\u0131 h\u00fcmik asit kullan\u0131m\u0131 ger\u00e7ekle\u015ftirildi.<br \/>\n<br \/>Konuyla ilgili a\u00e7\u0131klamada bulunan Tar\u0131m ve Orman \u0130l M\u00fcd\u00fcr\u00fc \u00d6zkan Parlak,<br \/>\n<br \/>&#8220;E\u011fitim ve Yay\u0131n Dairesi Ba\u015fkanl\u0131\u011f\u0131 ile T\u00fcrkiye K\u00f6m\u00fcr \u0130\u015fletmeleri Kurumu aras\u0131nda imzalanan protokol \u00e7er\u00e7evesinde k\u00f6m\u00fcr sahalar\u0131ndan elde edilen leonarditten \u00fcretilen h\u00fcmik asitin, topra\u011f\u0131n do\u011fal dengesinin yeniden olu\u015fumuna katk\u0131 sa\u011flamas\u0131, bitki besin elementlerinin al\u0131m\u0131n\u0131 art\u0131rarak verimi y\u00fckseltmesi, kimyasal g\u00fcbre kullan\u0131m\u0131n\u0131 azaltarak \u00e7evre ve insan sa\u011fl\u0131\u011f\u0131na olumlu etkiler sunmas\u0131 hedeflenmektedir. S\u00f6z konusu proje ile \u00e7ift\u00e7ilere uygulamal\u0131 e\u011fitim, yay\u0131m ve yay\u0131n faaliyetleri arac\u0131l\u0131\u011f\u0131yla h\u00fcmik asit kullan\u0131m\u0131n\u0131n yayg\u0131nla\u015ft\u0131r\u0131lmas\u0131 ama\u00e7lanmaktad\u0131r&#8221; dedi.<br \/>\n<br \/>Proje \u00e7er\u00e7evesinde, Afyonkarahisar\u2019\u0131n Merkez, Bolvadin ve Sultanda\u011f\u0131 il\u00e7elerinde de kiraz, biber, marul, \u00e7ilek, patates, bu\u011fday ve arpa \u00fcretimi yapan toplam 10 \u00e7ift\u00e7iye 600 litre h\u00fcmik asit \u00fccretsiz olarak da\u011f\u0131t\u0131ld\u0131.<br \/><\/p>\n","protected":false},"excerpt":{"rendered":"<p>TK\u0130-H\u00dcMAS \u00d6rnek Uygulamalar\u0131yla Organik Toprak D\u00fczenleyicisi Kullan\u0131m\u0131n\u0131n Yayg\u0131nla\u015ft\u0131r\u0131lmas\u0131&#8221; projesi \u00e7er\u00e7evesinde Afyonkarahisar\u2019da \u00e7ift\u00e7ilere \u2019H\u00fcmik Asit\u2019 da\u011f\u0131t\u0131m\u0131 ger\u00e7ekle\u015ftirildi. Tar\u0131m ve Orman Bakanl\u0131\u011f\u0131 E\u011fitim ve Yay\u0131n Dairesi Ba\u015fkanl\u0131\u011f\u0131 ile T\u00fcrkiye K\u00f6m\u00fcr \u0130\u015fletmeleri Kurumu (TK\u0130) i\u015f birli\u011fiyle y\u00fcr\u00fct\u00fclen TK\u0130-H\u00dcMAS \u00d6rnek Uygulamalar\u0131yla Organik Toprak D\u00fczenleyicisi Kullan\u0131m\u0131n\u0131n Yayg\u0131nla\u015ft\u0131r\u0131lmas\u0131 projesi \u00e7er\u00e7evesinde Afyonkarahisar \u0130l Tar\u0131m ve Orman M\u00fcd\u00fcrl\u00fc\u011f\u00fc\u2019nde h\u00fcmik asit da\u011f\u0131t\u0131m\u0131, bilgilendirme toplant\u0131s\u0131&#8230;<\/p>\n","protected":false},"author":1,"featured_media":35058,"comment_status":"open","ping_status":"open","sticky":false,"template":"","format":"standard","meta":{"_crdt_document":"","footnotes":""},"categories":[1],"tags":[],"class_list":["post-35057","post","type-post","status-publish","format-standard","has-post-thumbnail","hentry","category-guncel"],"_links":{"self":[{"href":"https:\/\/www.egemtv.com\/index.php?rest_route=\/wp\/v2\/posts\/35057","targetHints":{"allow":["GET"]}}],"collection":[{"href":"https:\/\/www.egemtv.com\/index.php?rest_route=\/wp\/v2\/posts"}],"about":[{"href":"https:\/\/www.egemtv.com\/index.php?rest_route=\/wp\/v2\/types\/post"}],"author":[{"embeddable":true,"href":"https:\/\/www.egemtv.com\/index.php?rest_route=\/wp\/v2\/users\/1"}],"replies":[{"embeddable":true,"href":"https:\/\/www.egemtv.com\/index.php?rest_route=%2Fwp%2Fv2%2Fcomments&post=35057"}],"version-history":[{"count":1,"href":"https:\/\/www.egemtv.com\/index.php?rest_route=\/wp\/v2\/posts\/35057\/revisions"}],"predecessor-version":[{"id":35059,"href":"https:\/\/www.egemtv.com\/index.php?rest_route=\/wp\/v2\/posts\/35057\/revisions\/35059"}],"wp:featuredmedia":[{"embeddable":true,"href":"https:\/\/www.egemtv.com\/index.php?rest_route=\/wp\/v2\/media\/35058"}],"wp:attachment":[{"href":"https:\/\/www.egemtv.com\/index.php?rest_route=%2Fwp%2Fv2%2Fmedia&parent=35057"}],"wp:term":[{"taxonomy":"category","embeddable":true,"href":"https:\/\/www.egemtv.com\/index.php?rest_route=%2Fwp%2Fv2%2Fcategories&post=35057"},{"taxonomy":"post_tag","embeddable":true,"href":"https:\/\/www.egemtv.com\/index.php?rest_route=%2Fwp%2Fv2%2Ftags&post=35057"}],"curies":[{"name":"wp","href":"https:\/\/api.w.org\/{rel}","templated":true}]}}