{"id":35054,"date":"2025-06-14T13:36:22","date_gmt":"2025-06-14T10:36:22","guid":{"rendered":"https:\/\/www.egemtv.com\/?p=35054"},"modified":"2025-06-14T13:36:28","modified_gmt":"2025-06-14T10:36:28","slug":"ak-partili-baybatur-israil-ve-iran-arasinda-gerilimi-bilincli-olarak-arttiran-israildir","status":"publish","type":"post","link":"https:\/\/www.egemtv.com\/?p=35054","title":{"rendered":"AK Parti\u2019li Baybatur: &#8220;\u0130srail ve \u0130ran aras\u0131nda gerilimi bilin\u00e7li olarak artt\u0131ran \u0130srail\u2019dir&#8221;"},"content":{"rendered":"<p>AK Parti Manisa Milletvekili Murat Baybatur, &#8220;Bu noktaya gelinmesinin temelinde, \u0130srail\u2019in Gazze\u2019de aylard\u0131r s\u00fcrd\u00fcrd\u00fc\u011f\u00fc orant\u0131s\u0131z g\u00fc\u00e7 kullan\u0131m\u0131, sivillere y\u00f6nelik sistematik sald\u0131r\u0131lar ve uluslararas\u0131 hukuku hi\u00e7e sayan politikalar\u0131 yatmaktad\u0131r&#8221; dedi.<br \/>\n<br \/>AK Parti Manisa Milletvekili Murat Baybatur, \u0130ran ve \u0130srail aras\u0131nda ya\u015fanan kar\u015f\u0131l\u0131kl\u0131 sald\u0131r\u0131larla ilgili sosyal medyadan a\u00e7\u0131klama yapt\u0131. Baybatur, sosyal medya hesab\u0131ndan yapt\u0131\u011f\u0131 a\u00e7\u0131klamada, \u0130srail\u2019in hukuk dinlemez politikalar\u0131n\u0131n, yaln\u0131zca Filistin\u2019i de\u011fil, t\u00fcm b\u00f6lgeyi derin bir g\u00fcvenlik krizine s\u00fcr\u00fckledi\u011fini s\u00f6yledi.<br \/>\n<br \/>T\u00fcrkiye Cumhuriyeti olarak, b\u00f6lgede daha fazla kan d\u00f6k\u00fclmesini istediklerini, t\u00fcm taraflar\u0131 itidale, sa\u011fduyuya ve diplomatik \u00e7\u00f6z\u00fcm yollar\u0131n\u0131 \u00f6ne \u00e7\u0131karmalar\u0131n\u0131 beklediklerini belirten Baybatur, a\u00e7\u0131klamas\u0131nda \u015fu ifadeleri kulland\u0131: &#8220;Ortado\u011fu\u2019da giderek t\u0131rmanan gerilimin art\u0131k kontrol edilebilir s\u0131n\u0131rlar\u0131n d\u0131\u015f\u0131na \u00e7\u0131kt\u0131\u011f\u0131na \u00fcz\u00fclerek tan\u0131kl\u0131k ediyoruz. Bu noktaya gelinmesinin temelinde, \u0130srail\u2019in Gazze\u2019de aylard\u0131r s\u00fcrd\u00fcrd\u00fc\u011f\u00fc orant\u0131s\u0131z g\u00fc\u00e7 kullan\u0131m\u0131, sivillere y\u00f6nelik sistematik sald\u0131r\u0131lar ve uluslararas\u0131 hukuku hi\u00e7e sayan politikalar\u0131 yatmaktad\u0131r. \u0130srail\u2019in, \u0130ran\u2019a y\u00f6nelik sald\u0131r\u0131lar\u0131 sonucunda, \u0130ran\u2019\u0131n verdi\u011fi askeri kar\u015f\u0131l\u0131k, b\u00f6lgede zaten k\u0131r\u0131lgan olan dengeleri daha da sarsm\u0131\u015ft\u0131r. Ancak unutulmamal\u0131d\u0131r ki, bu gerilim ortam\u0131n\u0131 bilin\u00e7li olarak t\u0131rmand\u0131ran \u0130srail\u2019dir. Masum sivillere y\u00f6nelik sald\u0131r\u0131lar, insan haklar\u0131 ihlalleri ve i\u015fgalci tutum, \u00e7at\u0131\u015fman\u0131n temel nedenleridir. \u0130srail\u2019in bu politikalar\u0131, yaln\u0131zca Filistin\u2019i de\u011fil, t\u00fcm b\u00f6lgeyi derin bir g\u00fcvenlik krizine s\u00fcr\u00fcklemektedir. B\u00f6ylesi bir ortamda, herkesin sorumlulukla hareket etmesi ve yang\u0131na k\u00f6r\u00fckle gitmek yerine bar\u0131\u015f\u0131 \u00f6ncelemesi hayati \u00f6nem ta\u015f\u0131maktad\u0131r. T\u00fcrkiye Cumhuriyeti olarak, b\u00f6lgede daha fazla kan d\u00f6k\u00fclmesini istemiyoruz. T\u00fcm taraflar\u0131 itidale, sa\u011fduyuya ve diplomatik \u00e7\u00f6z\u00fcm yollar\u0131n\u0131 \u00f6ne \u00e7\u0131karmaya davet ediyoruz. Cumhurba\u015fkan\u0131m\u0131z Recep Tayyip Erdo\u011fan\u2019\u0131n liderli\u011finde T\u00fcrkiye, adaletin, bar\u0131\u015f\u0131n ve b\u00f6lgesel istikrar\u0131n yan\u0131nda olmaya kararl\u0131l\u0131kla devam edecektir.&#8221;<br \/><\/p>\n","protected":false},"excerpt":{"rendered":"<p>AK Parti Manisa Milletvekili Murat Baybatur, &#8220;Bu noktaya gelinmesinin temelinde, \u0130srail\u2019in Gazze\u2019de aylard\u0131r s\u00fcrd\u00fcrd\u00fc\u011f\u00fc orant\u0131s\u0131z g\u00fc\u00e7 kullan\u0131m\u0131, sivillere y\u00f6nelik sistematik sald\u0131r\u0131lar ve uluslararas\u0131 hukuku hi\u00e7e sayan politikalar\u0131 yatmaktad\u0131r&#8221; dedi. AK Parti Manisa Milletvekili Murat Baybatur, \u0130ran ve \u0130srail aras\u0131nda ya\u015fanan kar\u015f\u0131l\u0131kl\u0131 sald\u0131r\u0131larla ilgili sosyal medyadan a\u00e7\u0131klama yapt\u0131. Baybatur, sosyal medya hesab\u0131ndan yapt\u0131\u011f\u0131 a\u00e7\u0131klamada, \u0130srail\u2019in hukuk&#8230;<\/p>\n","protected":false},"author":1,"featured_media":35055,"comment_status":"open","ping_status":"open","sticky":false,"template":"","format":"standard","meta":{"_crdt_document":"","footnotes":""},"categories":[127],"tags":[],"class_list":["post-35054","post","type-post","status-publish","format-standard","has-post-thumbnail","hentry","category-siyaset"],"_links":{"self":[{"href":"https:\/\/www.egemtv.com\/index.php?rest_route=\/wp\/v2\/posts\/35054","targetHints":{"allow":["GET"]}}],"collection":[{"href":"https:\/\/www.egemtv.com\/index.php?rest_route=\/wp\/v2\/posts"}],"about":[{"href":"https:\/\/www.egemtv.com\/index.php?rest_route=\/wp\/v2\/types\/post"}],"author":[{"embeddable":true,"href":"https:\/\/www.egemtv.com\/index.php?rest_route=\/wp\/v2\/users\/1"}],"replies":[{"embeddable":true,"href":"https:\/\/www.egemtv.com\/index.php?rest_route=%2Fwp%2Fv2%2Fcomments&post=35054"}],"version-history":[{"count":1,"href":"https:\/\/www.egemtv.com\/index.php?rest_route=\/wp\/v2\/posts\/35054\/revisions"}],"predecessor-version":[{"id":35056,"href":"https:\/\/www.egemtv.com\/index.php?rest_route=\/wp\/v2\/posts\/35054\/revisions\/35056"}],"wp:featuredmedia":[{"embeddable":true,"href":"https:\/\/www.egemtv.com\/index.php?rest_route=\/wp\/v2\/media\/35055"}],"wp:attachment":[{"href":"https:\/\/www.egemtv.com\/index.php?rest_route=%2Fwp%2Fv2%2Fmedia&parent=35054"}],"wp:term":[{"taxonomy":"category","embeddable":true,"href":"https:\/\/www.egemtv.com\/index.php?rest_route=%2Fwp%2Fv2%2Fcategories&post=35054"},{"taxonomy":"post_tag","embeddable":true,"href":"https:\/\/www.egemtv.com\/index.php?rest_route=%2Fwp%2Fv2%2Ftags&post=35054"}],"curies":[{"name":"wp","href":"https:\/\/api.w.org\/{rel}","templated":true}]}}