{"id":35051,"date":"2025-06-14T13:36:20","date_gmt":"2025-06-14T10:36:20","guid":{"rendered":"https:\/\/www.egemtv.com\/?p=35051"},"modified":"2025-06-14T13:36:21","modified_gmt":"2025-06-14T10:36:21","slug":"izmir-focada-orman-yangini-havadan-ve-karadan-mudahale-basladi","status":"publish","type":"post","link":"https:\/\/www.egemtv.com\/?p=35051","title":{"rendered":"\u0130zmir Fo\u00e7a\u2019da orman yang\u0131n\u0131: Havadan ve karadan m\u00fcdahale ba\u015flad\u0131"},"content":{"rendered":"<p>\u0130zmir\u2019in Fo\u00e7a il\u00e7esinde \u00e7\u0131kan orman yang\u0131n\u0131na ekipler havadan ve karadan yo\u011fun \u015fekilde m\u00fcdahale ediyor.<br \/>\n<br \/>Fo\u00e7a il\u00e7esi Yenik\u00f6y Mahallesi\u2019nde bulunan ormanl\u0131k alanda saat 12.21\u2019de hen\u00fcz bilinmeyen bir nedenle yang\u0131n \u00e7\u0131kt\u0131. Yang\u0131n\u0131 fark eden vatanda\u015flar\u0131n ihbar\u0131 \u00fczerine b\u00f6lgeye \u00e7ok say\u0131da ekip sevk edildi. \u0130zmir Orman B\u00f6lge M\u00fcd\u00fcrl\u00fc\u011f\u00fc koordinasyonunda ilk m\u00fcdahale saat 12.35\u2019te ger\u00e7ekle\u015ftirildi. \u0130zmir Orman B\u00f6lge M\u00fcd\u00fcrl\u00fc\u011f\u00fc ekipleri alevlere 4 u\u00e7ak, 6 helikopter ile havadan, 25 araz\u00f6z, 7 su ikmal arac\u0131 ve 4 dozer ile karadan m\u00fcdahale ediyor.<br \/>\n<br \/>Alevlerin kontrol alt\u0131na al\u0131nmas\u0131 i\u00e7in ekiplerin \u00e7al\u0131\u015fmalar\u0131 s\u00fcr\u00fcyor.<br \/><\/p>\n","protected":false},"excerpt":{"rendered":"<p>\u0130zmir\u2019in Fo\u00e7a il\u00e7esinde \u00e7\u0131kan orman yang\u0131n\u0131na ekipler havadan ve karadan yo\u011fun \u015fekilde m\u00fcdahale ediyor. Fo\u00e7a il\u00e7esi Yenik\u00f6y Mahallesi\u2019nde bulunan ormanl\u0131k alanda saat 12.21\u2019de hen\u00fcz bilinmeyen bir nedenle yang\u0131n \u00e7\u0131kt\u0131. Yang\u0131n\u0131 fark eden vatanda\u015flar\u0131n ihbar\u0131 \u00fczerine b\u00f6lgeye \u00e7ok say\u0131da ekip sevk edildi. \u0130zmir Orman B\u00f6lge M\u00fcd\u00fcrl\u00fc\u011f\u00fc koordinasyonunda ilk m\u00fcdahale saat 12.35\u2019te ger\u00e7ekle\u015ftirildi. \u0130zmir Orman B\u00f6lge M\u00fcd\u00fcrl\u00fc\u011f\u00fc&#8230;<\/p>\n","protected":false},"author":1,"featured_media":35052,"comment_status":"open","ping_status":"open","sticky":false,"template":"","format":"standard","meta":{"_crdt_document":"","footnotes":""},"categories":[5],"tags":[],"class_list":["post-35051","post","type-post","status-publish","format-standard","has-post-thumbnail","hentry","category-asayis"],"_links":{"self":[{"href":"https:\/\/www.egemtv.com\/index.php?rest_route=\/wp\/v2\/posts\/35051","targetHints":{"allow":["GET"]}}],"collection":[{"href":"https:\/\/www.egemtv.com\/index.php?rest_route=\/wp\/v2\/posts"}],"about":[{"href":"https:\/\/www.egemtv.com\/index.php?rest_route=\/wp\/v2\/types\/post"}],"author":[{"embeddable":true,"href":"https:\/\/www.egemtv.com\/index.php?rest_route=\/wp\/v2\/users\/1"}],"replies":[{"embeddable":true,"href":"https:\/\/www.egemtv.com\/index.php?rest_route=%2Fwp%2Fv2%2Fcomments&post=35051"}],"version-history":[{"count":1,"href":"https:\/\/www.egemtv.com\/index.php?rest_route=\/wp\/v2\/posts\/35051\/revisions"}],"predecessor-version":[{"id":35053,"href":"https:\/\/www.egemtv.com\/index.php?rest_route=\/wp\/v2\/posts\/35051\/revisions\/35053"}],"wp:featuredmedia":[{"embeddable":true,"href":"https:\/\/www.egemtv.com\/index.php?rest_route=\/wp\/v2\/media\/35052"}],"wp:attachment":[{"href":"https:\/\/www.egemtv.com\/index.php?rest_route=%2Fwp%2Fv2%2Fmedia&parent=35051"}],"wp:term":[{"taxonomy":"category","embeddable":true,"href":"https:\/\/www.egemtv.com\/index.php?rest_route=%2Fwp%2Fv2%2Fcategories&post=35051"},{"taxonomy":"post_tag","embeddable":true,"href":"https:\/\/www.egemtv.com\/index.php?rest_route=%2Fwp%2Fv2%2Ftags&post=35051"}],"curies":[{"name":"wp","href":"https:\/\/api.w.org\/{rel}","templated":true}]}}