{"id":35048,"date":"2025-06-14T13:16:31","date_gmt":"2025-06-14T10:16:31","guid":{"rendered":"https:\/\/www.egemtv.com\/?p=35048"},"modified":"2025-06-14T13:16:44","modified_gmt":"2025-06-14T10:16:44","slug":"jandarma-sehit-aileleri-ve-gazilerle-anlamli-etkinlikte-bulustu","status":"publish","type":"post","link":"https:\/\/www.egemtv.com\/?p=35048","title":{"rendered":"Jandarma, \u015fehit aileleri ve gazilerle anlaml\u0131 etkinlikte bulu\u015ftu"},"content":{"rendered":"<p>Jandarma Genel Komutanl\u0131\u011f\u0131\u2019n\u0131n 186. kurulu\u015f y\u0131l d\u00f6n\u00fcm\u00fc dolay\u0131s\u0131yla Ayd\u0131n \u0130l Jandarma Komutanl\u0131\u011f\u0131 taraf\u0131ndan d\u00fczenlenen programda, Ayd\u0131n protokol\u00fc, \u015fehitler ve gazilerin aileleri bir araya geldi.<\/p>\n<p>Efeler Jandarma Sosyal Tesislerindeki kahvalt\u0131l\u0131 programa, Ayd\u0131n Valisi Yakup Canbolat, Ayd\u0131n B\u00fcy\u00fck\u015fehir Belediye Ba\u015fkan\u0131 \u00d6zlem \u00c7er\u00e7io\u011flu, Ayd\u0131n \u0130l Jandarma Komutan\u0131 Jandarma Albay Ali Naci Aldemir, \u0130l Emniyet M\u00fcd\u00fcr\u00fc Arma\u011fan Adnan Erdo\u011fan, siyasi parti temsilcileri, kurum m\u00fcd\u00fcrleri, sivil toplum kurulu\u015flar\u0131n\u0131n temsilcileri, askeri erkan, \u015fehit ve gazi yak\u0131nlar\u0131 kat\u0131ld\u0131.<\/p>\n<p>Programda konu\u015fan Ayd\u0131n \u0130l Jandarma Komutan\u0131 Jandarma Albay Ali Naci Aldemir, aziz \u015fehitlerimizin ve kahraman gazilerimizin aileleriyle bir araya gelmekten b\u00fcy\u00fck onur duyduklar\u0131n\u0131 ifade ederek, &#8220;Peygamber Oca\u011f\u0131m\u0131z Jandarmam\u0131z\u0131n bug\u00fcnk\u00fc m\u00fctevazi sofras\u0131nda yer almak, bir araya gelmek sadece bir yemek de\u011fil, kalplerimizin birlikteli\u011fini, m\u00fcktesebat\u0131m\u0131z bildi\u011fimiz de\u011ferlerimizi, ezan\u0131m\u0131z ile sembolle\u015fen inanc\u0131m\u0131z, bayra\u011f\u0131m\u0131z ile sembolle\u015fen vatan\u0131m\u0131z u\u011fruna canlar\u0131n\u0131 veren \u015fehitlerimize olan sonsuz vefam\u0131z\u0131 ifade etmenin bir vesilesidir. Bu vesileyle Jandarma Genel Komutanl\u0131\u011f\u0131m\u0131z\u0131n 186. kurulu\u015f y\u0131l d\u00f6n\u00fcm\u00fcn\u00fcn de sevincini hep birlikte ya\u015f\u0131yoruz&#8221; ifadelerini kulland\u0131.<br \/><\/p>\n","protected":false},"excerpt":{"rendered":"<p>Jandarma Genel Komutanl\u0131\u011f\u0131\u2019n\u0131n 186. kurulu\u015f y\u0131l d\u00f6n\u00fcm\u00fc dolay\u0131s\u0131yla Ayd\u0131n \u0130l Jandarma Komutanl\u0131\u011f\u0131 taraf\u0131ndan d\u00fczenlenen programda, Ayd\u0131n protokol\u00fc, \u015fehitler ve gazilerin aileleri bir araya geldi. Efeler Jandarma Sosyal Tesislerindeki kahvalt\u0131l\u0131 programa, Ayd\u0131n Valisi Yakup Canbolat, Ayd\u0131n B\u00fcy\u00fck\u015fehir Belediye Ba\u015fkan\u0131 \u00d6zlem \u00c7er\u00e7io\u011flu, Ayd\u0131n \u0130l Jandarma Komutan\u0131 Jandarma Albay Ali Naci Aldemir, \u0130l Emniyet M\u00fcd\u00fcr\u00fc Arma\u011fan Adnan Erdo\u011fan,&#8230;<\/p>\n","protected":false},"author":1,"featured_media":35049,"comment_status":"open","ping_status":"open","sticky":false,"template":"","format":"standard","meta":{"_crdt_document":"","footnotes":""},"categories":[1],"tags":[],"class_list":["post-35048","post","type-post","status-publish","format-standard","has-post-thumbnail","hentry","category-guncel"],"_links":{"self":[{"href":"https:\/\/www.egemtv.com\/index.php?rest_route=\/wp\/v2\/posts\/35048","targetHints":{"allow":["GET"]}}],"collection":[{"href":"https:\/\/www.egemtv.com\/index.php?rest_route=\/wp\/v2\/posts"}],"about":[{"href":"https:\/\/www.egemtv.com\/index.php?rest_route=\/wp\/v2\/types\/post"}],"author":[{"embeddable":true,"href":"https:\/\/www.egemtv.com\/index.php?rest_route=\/wp\/v2\/users\/1"}],"replies":[{"embeddable":true,"href":"https:\/\/www.egemtv.com\/index.php?rest_route=%2Fwp%2Fv2%2Fcomments&post=35048"}],"version-history":[{"count":1,"href":"https:\/\/www.egemtv.com\/index.php?rest_route=\/wp\/v2\/posts\/35048\/revisions"}],"predecessor-version":[{"id":35050,"href":"https:\/\/www.egemtv.com\/index.php?rest_route=\/wp\/v2\/posts\/35048\/revisions\/35050"}],"wp:featuredmedia":[{"embeddable":true,"href":"https:\/\/www.egemtv.com\/index.php?rest_route=\/wp\/v2\/media\/35049"}],"wp:attachment":[{"href":"https:\/\/www.egemtv.com\/index.php?rest_route=%2Fwp%2Fv2%2Fmedia&parent=35048"}],"wp:term":[{"taxonomy":"category","embeddable":true,"href":"https:\/\/www.egemtv.com\/index.php?rest_route=%2Fwp%2Fv2%2Fcategories&post=35048"},{"taxonomy":"post_tag","embeddable":true,"href":"https:\/\/www.egemtv.com\/index.php?rest_route=%2Fwp%2Fv2%2Ftags&post=35048"}],"curies":[{"name":"wp","href":"https:\/\/api.w.org\/{rel}","templated":true}]}}