{"id":35045,"date":"2025-06-14T13:16:27","date_gmt":"2025-06-14T10:16:27","guid":{"rendered":"https:\/\/www.egemtv.com\/?p=35045"},"modified":"2025-06-14T13:16:31","modified_gmt":"2025-06-14T10:16:31","slug":"kutahyada-gencfest-2025-2-bin-gencin-katilimiyla-renkli-goruntulere-sahne-oldu","status":"publish","type":"post","link":"https:\/\/www.egemtv.com\/?p=35045","title":{"rendered":"K\u00fctahya\u2019da GEN\u00c7FEST 2025, 2 bin gencin kat\u0131l\u0131m\u0131yla renkli g\u00f6r\u00fcnt\u00fclere sahne oldu"},"content":{"rendered":"<p>K\u00fctahya\u2019da bu y\u0131l d\u00f6rd\u00fcnc\u00fcs\u00fc d\u00fczenlenen GEN\u00c7FEST, yo\u011fun bir kat\u0131l\u0131mla ger\u00e7ekle\u015ftirildi. K\u00fctahya \u0130mam Hatip Mezunlar\u0131 Derne\u011fi (K\u0130HMED) ile Kadim Vakf\u0131 i\u015f birli\u011finde organize edilen festivale yakla\u015f\u0131k 2 bin gen\u00e7 kat\u0131ld\u0131.<br \/>\n<br \/>Festivalin ilk g\u00fcn\u00fcnde liseli k\u0131z \u00f6\u011frenciler, ikinci g\u00fcn\u00fcnde liseli erkek \u00f6\u011frenciler, \u00fc\u00e7\u00fcnc\u00fc ve son g\u00fcn\u00fcnde ise ortaokul \u00f6\u011frencileri etkinliklerde yer ald\u0131. KAD\u0130M Vakf\u0131 Kona\u011f\u0131\u2019n\u0131n bah\u00e7esinde ger\u00e7ekle\u015ftirilen festival, gen\u00e7lerin b\u00fcy\u00fck ilgisini g\u00f6rd\u00fc.<br \/>\n<br \/>Etkinlikler kapsam\u0131nda gen\u00e7ler; geleneksel ok\u00e7uluk, \u00e7ini, ebru ve seramik at\u00f6lyeleriyle k\u00fclt\u00fcrel faaliyetlere kat\u0131l\u0131rken, Hint k\u0131nas\u0131 ve bileklik tasar\u0131m\u0131 gibi sanatsal at\u00f6lyelerde de el becerilerini geli\u015ftirme f\u0131rsat\u0131 buldu. Atom, \u00e7uval, yumurta, halat ve mass g\u00fcre\u015fi gibi e\u011flenceli yar\u0131\u015fmalar\u0131n yan\u0131 s\u0131ra sahne performanslar\u0131, \u015fiirler ve canl\u0131 m\u00fczik g\u00f6sterileriyle festival co\u015fkulu bir atmosferde ge\u00e7ti. Kat\u0131l\u0131mc\u0131lara ikram edilen \u00e7e\u015fitli yiyecek ve i\u00e7ecekler ise etkinli\u011fe ayr\u0131 bir renk katt\u0131.<br \/>\n<br \/>Festivalin son g\u00fcn\u00fcnde ise daha \u00f6nce duyurusu yap\u0131lan resim ve k\u0131sa film yar\u0131\u015fmalar\u0131n\u0131n \u00f6d\u00fcl t\u00f6reni ger\u00e7ekle\u015ftirildi. Do\u011fu T\u00fcrkistan ve Filistin temal\u0131 12 eser aras\u0131ndan dereceye girenlere toplam 30 bin TL \u00f6d\u00fcl verildi.<br \/>\n<br \/>K\u0130HMED ve Kadim Vakf\u0131 Ba\u015fkan\u0131 Mustafa \u00d6nsay, gen\u00e7lerin k\u00fclt\u00fcrel ve sanatsal y\u00f6nlerini desteklemek amac\u0131yla d\u00fczenlenen GEN\u00c7FEST\u2019e g\u00f6sterilen ilgiden memnuniyet duyduklar\u0131n\u0131 ifade ederek, t\u00fcm kat\u0131l\u0131mc\u0131lara ve eme\u011fi ge\u00e7enlere te\u015fekk\u00fcr etti.<br \/><\/p>\n","protected":false},"excerpt":{"rendered":"<p>K\u00fctahya\u2019da bu y\u0131l d\u00f6rd\u00fcnc\u00fcs\u00fc d\u00fczenlenen GEN\u00c7FEST, yo\u011fun bir kat\u0131l\u0131mla ger\u00e7ekle\u015ftirildi. K\u00fctahya \u0130mam Hatip Mezunlar\u0131 Derne\u011fi (K\u0130HMED) ile Kadim Vakf\u0131 i\u015f birli\u011finde organize edilen festivale yakla\u015f\u0131k 2 bin gen\u00e7 kat\u0131ld\u0131. Festivalin ilk g\u00fcn\u00fcnde liseli k\u0131z \u00f6\u011frenciler, ikinci g\u00fcn\u00fcnde liseli erkek \u00f6\u011frenciler, \u00fc\u00e7\u00fcnc\u00fc ve son g\u00fcn\u00fcnde ise ortaokul \u00f6\u011frencileri etkinliklerde yer ald\u0131. KAD\u0130M Vakf\u0131 Kona\u011f\u0131\u2019n\u0131n bah\u00e7esinde ger\u00e7ekle\u015ftirilen&#8230;<\/p>\n","protected":false},"author":1,"featured_media":35046,"comment_status":"open","ping_status":"open","sticky":false,"template":"","format":"standard","meta":{"_crdt_document":"","footnotes":""},"categories":[123],"tags":[],"class_list":["post-35045","post","type-post","status-publish","format-standard","has-post-thumbnail","hentry","category-gundem"],"_links":{"self":[{"href":"https:\/\/www.egemtv.com\/index.php?rest_route=\/wp\/v2\/posts\/35045","targetHints":{"allow":["GET"]}}],"collection":[{"href":"https:\/\/www.egemtv.com\/index.php?rest_route=\/wp\/v2\/posts"}],"about":[{"href":"https:\/\/www.egemtv.com\/index.php?rest_route=\/wp\/v2\/types\/post"}],"author":[{"embeddable":true,"href":"https:\/\/www.egemtv.com\/index.php?rest_route=\/wp\/v2\/users\/1"}],"replies":[{"embeddable":true,"href":"https:\/\/www.egemtv.com\/index.php?rest_route=%2Fwp%2Fv2%2Fcomments&post=35045"}],"version-history":[{"count":1,"href":"https:\/\/www.egemtv.com\/index.php?rest_route=\/wp\/v2\/posts\/35045\/revisions"}],"predecessor-version":[{"id":35047,"href":"https:\/\/www.egemtv.com\/index.php?rest_route=\/wp\/v2\/posts\/35045\/revisions\/35047"}],"wp:featuredmedia":[{"embeddable":true,"href":"https:\/\/www.egemtv.com\/index.php?rest_route=\/wp\/v2\/media\/35046"}],"wp:attachment":[{"href":"https:\/\/www.egemtv.com\/index.php?rest_route=%2Fwp%2Fv2%2Fmedia&parent=35045"}],"wp:term":[{"taxonomy":"category","embeddable":true,"href":"https:\/\/www.egemtv.com\/index.php?rest_route=%2Fwp%2Fv2%2Fcategories&post=35045"},{"taxonomy":"post_tag","embeddable":true,"href":"https:\/\/www.egemtv.com\/index.php?rest_route=%2Fwp%2Fv2%2Ftags&post=35045"}],"curies":[{"name":"wp","href":"https:\/\/api.w.org\/{rel}","templated":true}]}}