{"id":35042,"date":"2025-06-14T13:16:25","date_gmt":"2025-06-14T10:16:25","guid":{"rendered":"https:\/\/www.egemtv.com\/?p=35042"},"modified":"2025-06-14T13:16:26","modified_gmt":"2025-06-14T10:16:26","slug":"nazilli-egitim-camiasinin-aci-gunu","status":"publish","type":"post","link":"https:\/\/www.egemtv.com\/?p=35042","title":{"rendered":"Nazilli e\u011fitim camias\u0131n\u0131n ac\u0131 g\u00fcn\u00fc"},"content":{"rendered":"<p>Ayd\u0131n\u2019\u0131n Nazilli il\u00e7esindeki bir lisede \u0130ngilizce \u00f6\u011fretmenli\u011fi yapan Ak\u0131ncan Pek\u00e7ok  hayat\u0131n\u0131 kaybetti.<\/p>\n<p>Edinilen bilgiye g\u00f6re, ilk olarak yakla\u015f\u0131k 5 y\u0131l \u00f6nce beyin damarlar\u0131na p\u0131ht\u0131 atan ve sa\u011f taraf\u0131 fel\u00e7 kalan Menderes Anadolu Lisesi \u0130ngilizce \u00f6\u011fretmenlerinden Ak\u0131ncan Pek\u00e7ok (50) tedavisinin ard\u0131ndan \u00f6\u011fretmenli\u011fe geri d\u00f6nd\u00fc. Ge\u00e7ti\u011fimiz aylarda beyninde tekrar tekrar p\u0131ht\u0131 atan Pek\u00e7ok, Nazilli\u2019de yap\u0131lan ilk m\u00fcdahalenin ard\u0131ndan \u0130zmir 9 Eyl\u00fcl \u00dcniversitesi Ara\u015ft\u0131rma Hastanesi\u2019ne kald\u0131r\u0131larak tedavi alt\u0131na al\u0131nd\u0131. Tedavisinin s\u00fcrd\u00fc\u011f\u00fc hastanede fenala\u015fan ve doktorlar\u0131n t\u00fcm \u00e7abalar\u0131na ra\u011fmen kurtar\u0131lamayan Pek\u00e7ok hayata g\u00f6zlerini yumdu. Pek\u00e7ok\u2019un \u00f6l\u00fcm haberini alan ailesi ve sevenleri yasa bo\u011fuldu.<\/p>\n<p>Pek\u00e7ok\u2019un cenazesinin 14 Haziran Cumartesi g\u00fcn\u00fc Denizli\u2019nin Kale il\u00e7esi \u0130nce\u011fiz Mahallesi\u2019nde topra\u011fa verilece\u011fi \u00f6\u011frenildi.<br \/><\/p>\n","protected":false},"excerpt":{"rendered":"<p>Ayd\u0131n\u2019\u0131n Nazilli il\u00e7esindeki bir lisede \u0130ngilizce \u00f6\u011fretmenli\u011fi yapan Ak\u0131ncan Pek\u00e7ok hayat\u0131n\u0131 kaybetti. Edinilen bilgiye g\u00f6re, ilk olarak yakla\u015f\u0131k 5 y\u0131l \u00f6nce beyin damarlar\u0131na p\u0131ht\u0131 atan ve sa\u011f taraf\u0131 fel\u00e7 kalan Menderes Anadolu Lisesi \u0130ngilizce \u00f6\u011fretmenlerinden Ak\u0131ncan Pek\u00e7ok (50) tedavisinin ard\u0131ndan \u00f6\u011fretmenli\u011fe geri d\u00f6nd\u00fc. Ge\u00e7ti\u011fimiz aylarda beyninde tekrar tekrar p\u0131ht\u0131 atan Pek\u00e7ok, Nazilli\u2019de yap\u0131lan ilk m\u00fcdahalenin&#8230;<\/p>\n","protected":false},"author":1,"featured_media":35043,"comment_status":"open","ping_status":"open","sticky":false,"template":"","format":"standard","meta":{"_crdt_document":"","footnotes":""},"categories":[5],"tags":[],"class_list":["post-35042","post","type-post","status-publish","format-standard","has-post-thumbnail","hentry","category-asayis"],"_links":{"self":[{"href":"https:\/\/www.egemtv.com\/index.php?rest_route=\/wp\/v2\/posts\/35042","targetHints":{"allow":["GET"]}}],"collection":[{"href":"https:\/\/www.egemtv.com\/index.php?rest_route=\/wp\/v2\/posts"}],"about":[{"href":"https:\/\/www.egemtv.com\/index.php?rest_route=\/wp\/v2\/types\/post"}],"author":[{"embeddable":true,"href":"https:\/\/www.egemtv.com\/index.php?rest_route=\/wp\/v2\/users\/1"}],"replies":[{"embeddable":true,"href":"https:\/\/www.egemtv.com\/index.php?rest_route=%2Fwp%2Fv2%2Fcomments&post=35042"}],"version-history":[{"count":1,"href":"https:\/\/www.egemtv.com\/index.php?rest_route=\/wp\/v2\/posts\/35042\/revisions"}],"predecessor-version":[{"id":35044,"href":"https:\/\/www.egemtv.com\/index.php?rest_route=\/wp\/v2\/posts\/35042\/revisions\/35044"}],"wp:featuredmedia":[{"embeddable":true,"href":"https:\/\/www.egemtv.com\/index.php?rest_route=\/wp\/v2\/media\/35043"}],"wp:attachment":[{"href":"https:\/\/www.egemtv.com\/index.php?rest_route=%2Fwp%2Fv2%2Fmedia&parent=35042"}],"wp:term":[{"taxonomy":"category","embeddable":true,"href":"https:\/\/www.egemtv.com\/index.php?rest_route=%2Fwp%2Fv2%2Fcategories&post=35042"},{"taxonomy":"post_tag","embeddable":true,"href":"https:\/\/www.egemtv.com\/index.php?rest_route=%2Fwp%2Fv2%2Ftags&post=35042"}],"curies":[{"name":"wp","href":"https:\/\/api.w.org\/{rel}","templated":true}]}}