{"id":35039,"date":"2025-06-14T12:56:12","date_gmt":"2025-06-14T09:56:12","guid":{"rendered":"https:\/\/www.egemtv.com\/?p=35039"},"modified":"2025-06-14T12:56:15","modified_gmt":"2025-06-14T09:56:15","slug":"izmirde-146-aranan-sahis-safak-operasyonuyla-yakalandi","status":"publish","type":"post","link":"https:\/\/www.egemtv.com\/?p=35039","title":{"rendered":"\u0130zmir\u2019de 146 aranan \u015fah\u0131s, \u015fafak operasyonuyla yakaland\u0131"},"content":{"rendered":"<p>\u0130zmir\u2019de aranan \u015fah\u0131slara y\u00f6nelik polis ekipleri taraf\u0131ndan ger\u00e7ekle\u015ftirilen \u015fafak operasyonunda, \u00e7e\u015fitli su\u00e7lardan aranan 146 zanl\u0131 yakaland\u0131.<br \/>\n<br \/>\u0130zmir Emniyet M\u00fcd\u00fcrl\u00fc\u011f\u00fc ekiplerince, il genelinde hakk\u0131nda kesinle\u015fmi\u015f hapis cezas\u0131 ve aranmas\u0131 olan \u015fah\u0131slar\u0131n yakalanmas\u0131na y\u00f6nelik 13 Haziran g\u00fcn\u00fc, il merkezi il\u00e7elerde operasyon ger\u00e7ekle\u015ftirildi. 225 personelin kat\u0131l\u0131m\u0131yla sabah saat 05.00\u2019te e\u015f zamanl\u0131 olarak 105 adreste yap\u0131lan ve 24 saat devam eden operasyonda, \u00e7e\u015fitli su\u00e7lardan aranmas\u0131 olan toplam 146 aranan \u015fah\u0131s yakaland\u0131.<br \/>\n<br \/>Polis taraf\u0131ndan g\u00f6zalt\u0131na al\u0131nan zanl\u0131lar, i\u015flemlerinin ard\u0131ndan adli mercilere teslim edildi.<br \/><\/p>\n","protected":false},"excerpt":{"rendered":"<p>\u0130zmir\u2019de aranan \u015fah\u0131slara y\u00f6nelik polis ekipleri taraf\u0131ndan ger\u00e7ekle\u015ftirilen \u015fafak operasyonunda, \u00e7e\u015fitli su\u00e7lardan aranan 146 zanl\u0131 yakaland\u0131. \u0130zmir Emniyet M\u00fcd\u00fcrl\u00fc\u011f\u00fc ekiplerince, il genelinde hakk\u0131nda kesinle\u015fmi\u015f hapis cezas\u0131 ve aranmas\u0131 olan \u015fah\u0131slar\u0131n yakalanmas\u0131na y\u00f6nelik 13 Haziran g\u00fcn\u00fc, il merkezi il\u00e7elerde operasyon ger\u00e7ekle\u015ftirildi. 225 personelin kat\u0131l\u0131m\u0131yla sabah saat 05.00\u2019te e\u015f zamanl\u0131 olarak 105 adreste yap\u0131lan ve 24 saat&#8230;<\/p>\n","protected":false},"author":1,"featured_media":35040,"comment_status":"open","ping_status":"open","sticky":false,"template":"","format":"standard","meta":{"_crdt_document":"","footnotes":""},"categories":[5],"tags":[],"class_list":["post-35039","post","type-post","status-publish","format-standard","has-post-thumbnail","hentry","category-asayis"],"_links":{"self":[{"href":"https:\/\/www.egemtv.com\/index.php?rest_route=\/wp\/v2\/posts\/35039","targetHints":{"allow":["GET"]}}],"collection":[{"href":"https:\/\/www.egemtv.com\/index.php?rest_route=\/wp\/v2\/posts"}],"about":[{"href":"https:\/\/www.egemtv.com\/index.php?rest_route=\/wp\/v2\/types\/post"}],"author":[{"embeddable":true,"href":"https:\/\/www.egemtv.com\/index.php?rest_route=\/wp\/v2\/users\/1"}],"replies":[{"embeddable":true,"href":"https:\/\/www.egemtv.com\/index.php?rest_route=%2Fwp%2Fv2%2Fcomments&post=35039"}],"version-history":[{"count":1,"href":"https:\/\/www.egemtv.com\/index.php?rest_route=\/wp\/v2\/posts\/35039\/revisions"}],"predecessor-version":[{"id":35041,"href":"https:\/\/www.egemtv.com\/index.php?rest_route=\/wp\/v2\/posts\/35039\/revisions\/35041"}],"wp:featuredmedia":[{"embeddable":true,"href":"https:\/\/www.egemtv.com\/index.php?rest_route=\/wp\/v2\/media\/35040"}],"wp:attachment":[{"href":"https:\/\/www.egemtv.com\/index.php?rest_route=%2Fwp%2Fv2%2Fmedia&parent=35039"}],"wp:term":[{"taxonomy":"category","embeddable":true,"href":"https:\/\/www.egemtv.com\/index.php?rest_route=%2Fwp%2Fv2%2Fcategories&post=35039"},{"taxonomy":"post_tag","embeddable":true,"href":"https:\/\/www.egemtv.com\/index.php?rest_route=%2Fwp%2Fv2%2Ftags&post=35039"}],"curies":[{"name":"wp","href":"https:\/\/api.w.org\/{rel}","templated":true}]}}