{"id":35036,"date":"2025-06-14T12:56:07","date_gmt":"2025-06-14T09:56:07","guid":{"rendered":"https:\/\/www.egemtv.com\/?p=35036"},"modified":"2025-06-14T12:56:11","modified_gmt":"2025-06-14T09:56:11","slug":"muglada-orman-kooperatifleriyle-degerlendirme-toplantisi-yapildi","status":"publish","type":"post","link":"https:\/\/www.egemtv.com\/?p=35036","title":{"rendered":"Mu\u011fla\u2019da orman kooperatifleriyle de\u011ferlendirme toplant\u0131s\u0131 yap\u0131ld\u0131"},"content":{"rendered":"<p>Mu\u011fla\u2019da orman \u00fcretim i\u015flerinde faaliyet g\u00f6steren kooperatifler ile ba\u011fl\u0131 bulunduklar\u0131 birlik ba\u015fkanlar\u0131n\u0131n kat\u0131l\u0131m\u0131yla de\u011ferlendirme toplant\u0131s\u0131 ger\u00e7ekle\u015ftirildi.<\/p>\n<p>Mu\u011fla Orman B\u00f6lge M\u00fcd\u00fcrl\u00fc\u011f\u00fc Kadastro Toplant\u0131 Salonu\u2019nda d\u00fczenlenen toplant\u0131ya, Mu\u011fla Orman B\u00f6lge M\u00fcd\u00fcr\u00fc Mustafa \u00dclk\u00fcd\u00fcr, B\u00f6lge M\u00fcd\u00fcr Yard\u0131mc\u0131s\u0131 Adnan G\u00fcller, \u0130\u015fletme Pazarlama \u015eube M\u00fcd\u00fcr\u00fc \u00d6nder Sermet, OR-KOOP Mu\u011fla Birlik Ba\u015fkan\u0131 Ahmet \u00c7etiner, K\u00d6Y-KOOP Birlik Ba\u015fkan\u0131 Eray \u00c7i\u00e7ek ile ormanc\u0131l\u0131k alan\u0131nda faaliyet g\u00f6steren kooperatiflerin ba\u015fkanlar\u0131 ve temsilcileri kat\u0131ld\u0131. Toplant\u0131da, orman kooperatiflerinin te\u015fkilattan beklentileri, \u00fcretim s\u00fcre\u00e7lerinde kar\u015f\u0131la\u015f\u0131lan sorunlar ile tahsisli dikili sat\u0131\u015f konular\u0131nda ya\u015fanan problemler masaya yat\u0131r\u0131ld\u0131. Kat\u0131l\u0131mc\u0131lar, sahadaki uygulamalarda kar\u015f\u0131la\u015f\u0131lan zorluklara y\u00f6nelik \u00e7\u00f6z\u00fcm \u00f6nerilerini payla\u015farak ortak ak\u0131lla ilerlenmesi gerekti\u011fi vurguland\u0131.<\/p>\n<p>Mu\u011fla Orman B\u00f6lge M\u00fcd\u00fcr\u00fc Mustafa \u00dclk\u00fcd\u00fcr, kooperatiflerle i\u015f birli\u011finin g\u00fc\u00e7lendirilmesinin, s\u00fcrd\u00fcr\u00fclebilir orman y\u00f6netimi a\u00e7\u0131s\u0131ndan b\u00fcy\u00fck \u00f6nem ta\u015f\u0131d\u0131\u011f\u0131n\u0131 belirterek, te\u015fkilat olarak \u00fcretim s\u00fcre\u00e7lerinde kooperatiflerin yan\u0131nda olmaya devam edeceklerini ifade etti.<br \/><\/p>\n","protected":false},"excerpt":{"rendered":"<p>Mu\u011fla\u2019da orman \u00fcretim i\u015flerinde faaliyet g\u00f6steren kooperatifler ile ba\u011fl\u0131 bulunduklar\u0131 birlik ba\u015fkanlar\u0131n\u0131n kat\u0131l\u0131m\u0131yla de\u011ferlendirme toplant\u0131s\u0131 ger\u00e7ekle\u015ftirildi. Mu\u011fla Orman B\u00f6lge M\u00fcd\u00fcrl\u00fc\u011f\u00fc Kadastro Toplant\u0131 Salonu\u2019nda d\u00fczenlenen toplant\u0131ya, Mu\u011fla Orman B\u00f6lge M\u00fcd\u00fcr\u00fc Mustafa \u00dclk\u00fcd\u00fcr, B\u00f6lge M\u00fcd\u00fcr Yard\u0131mc\u0131s\u0131 Adnan G\u00fcller, \u0130\u015fletme Pazarlama \u015eube M\u00fcd\u00fcr\u00fc \u00d6nder Sermet, OR-KOOP Mu\u011fla Birlik Ba\u015fkan\u0131 Ahmet \u00c7etiner, K\u00d6Y-KOOP Birlik Ba\u015fkan\u0131 Eray \u00c7i\u00e7ek ile ormanc\u0131l\u0131k&#8230;<\/p>\n","protected":false},"author":1,"featured_media":35037,"comment_status":"open","ping_status":"open","sticky":false,"template":"","format":"standard","meta":{"_crdt_document":"","footnotes":""},"categories":[1],"tags":[],"class_list":["post-35036","post","type-post","status-publish","format-standard","has-post-thumbnail","hentry","category-guncel"],"_links":{"self":[{"href":"https:\/\/www.egemtv.com\/index.php?rest_route=\/wp\/v2\/posts\/35036","targetHints":{"allow":["GET"]}}],"collection":[{"href":"https:\/\/www.egemtv.com\/index.php?rest_route=\/wp\/v2\/posts"}],"about":[{"href":"https:\/\/www.egemtv.com\/index.php?rest_route=\/wp\/v2\/types\/post"}],"author":[{"embeddable":true,"href":"https:\/\/www.egemtv.com\/index.php?rest_route=\/wp\/v2\/users\/1"}],"replies":[{"embeddable":true,"href":"https:\/\/www.egemtv.com\/index.php?rest_route=%2Fwp%2Fv2%2Fcomments&post=35036"}],"version-history":[{"count":1,"href":"https:\/\/www.egemtv.com\/index.php?rest_route=\/wp\/v2\/posts\/35036\/revisions"}],"predecessor-version":[{"id":35038,"href":"https:\/\/www.egemtv.com\/index.php?rest_route=\/wp\/v2\/posts\/35036\/revisions\/35038"}],"wp:featuredmedia":[{"embeddable":true,"href":"https:\/\/www.egemtv.com\/index.php?rest_route=\/wp\/v2\/media\/35037"}],"wp:attachment":[{"href":"https:\/\/www.egemtv.com\/index.php?rest_route=%2Fwp%2Fv2%2Fmedia&parent=35036"}],"wp:term":[{"taxonomy":"category","embeddable":true,"href":"https:\/\/www.egemtv.com\/index.php?rest_route=%2Fwp%2Fv2%2Fcategories&post=35036"},{"taxonomy":"post_tag","embeddable":true,"href":"https:\/\/www.egemtv.com\/index.php?rest_route=%2Fwp%2Fv2%2Ftags&post=35036"}],"curies":[{"name":"wp","href":"https:\/\/api.w.org\/{rel}","templated":true}]}}