{"id":35033,"date":"2025-06-14T12:56:03","date_gmt":"2025-06-14T09:56:03","guid":{"rendered":"https:\/\/www.egemtv.com\/?p=35033"},"modified":"2025-06-14T12:56:07","modified_gmt":"2025-06-14T09:56:07","slug":"emet-myoda-moral-ve-motivasyon-etkinligi","status":"publish","type":"post","link":"https:\/\/www.egemtv.com\/?p=35033","title":{"rendered":"Emet MYO\u2019da moral ve motivasyon etkinli\u011fi"},"content":{"rendered":"<p>K\u00fctahya Dumlup\u0131nar \u00dcniversitesi (DP\u00dc) Emet Meslek Y\u00fcksekokulunda \u00f6\u011frencilere y\u00f6nelik olarak final s\u0131navlar\u0131 \u00f6ncesi moral ve motivasyon etkinli\u011fi ger\u00e7ekle\u015ftirildi.<br \/>\n<br \/>\u00c7e\u015fitli yar\u0131\u015fmalar ve m\u00fczik sunumunun yer ald\u0131\u011f\u0131 etkinli\u011fe Meslek Y\u00fcksekokulu M\u00fcd\u00fcr\u00fc Dr. \u00d6\u011fr. \u00dcyesi Mesut Yaz\u0131c\u0131, Y\u00fcksekokul Sekreteri \u00d6mer B\u00fcy\u00fck, akademik ve idari personelin yan\u0131 s\u0131ra \u00e7ok say\u0131da \u00f6\u011frenci kat\u0131l\u0131m sa\u011flad\u0131.<br \/>\n<br \/>Etkinlikte \u00f6\u011frenciler halat \u00e7ekme, \u00e7uval yar\u0131\u015f\u0131, yumurta ta\u015f\u0131ma, sandalye kapmaca, \u015fark\u0131 tamamlama ve &#8220;Ben Kimim?&#8221; gibi e\u011flenceli oyunlarla ho\u015f\u00e7a vakit ge\u00e7irirken, karaoke etkinli\u011fi ve m\u00fczik e\u015fli\u011finde \u00f6\u011frencilerin oynad\u0131\u011f\u0131 y\u00f6resel oyunlar b\u00fcy\u00fck be\u011feni toplad\u0131.<br \/>\n<br \/>\u0130\u015eKUR Gen\u00e7lik Program\u0131 (\u0130UP) \u00e7er\u00e7evesinde g\u00f6rev alan \u00f6\u011frenciler de etkinli\u011fe kat\u0131l\u0131mlar\u0131yla organizasyona \u00f6nemli katk\u0131 sa\u011flad\u0131. G\u00fcn boyunca s\u00fcren etkinlikte \u00f6\u011frenciler, s\u0131nav \u00f6ncesi moral ve motivasyon depolad\u0131.<br \/><\/p>\n","protected":false},"excerpt":{"rendered":"<p>K\u00fctahya Dumlup\u0131nar \u00dcniversitesi (DP\u00dc) Emet Meslek Y\u00fcksekokulunda \u00f6\u011frencilere y\u00f6nelik olarak final s\u0131navlar\u0131 \u00f6ncesi moral ve motivasyon etkinli\u011fi ger\u00e7ekle\u015ftirildi. \u00c7e\u015fitli yar\u0131\u015fmalar ve m\u00fczik sunumunun yer ald\u0131\u011f\u0131 etkinli\u011fe Meslek Y\u00fcksekokulu M\u00fcd\u00fcr\u00fc Dr. \u00d6\u011fr. \u00dcyesi Mesut Yaz\u0131c\u0131, Y\u00fcksekokul Sekreteri \u00d6mer B\u00fcy\u00fck, akademik ve idari personelin yan\u0131 s\u0131ra \u00e7ok say\u0131da \u00f6\u011frenci kat\u0131l\u0131m sa\u011flad\u0131. Etkinlikte \u00f6\u011frenciler halat \u00e7ekme, \u00e7uval yar\u0131\u015f\u0131,&#8230;<\/p>\n","protected":false},"author":1,"featured_media":35034,"comment_status":"open","ping_status":"open","sticky":false,"template":"","format":"standard","meta":{"_crdt_document":"","footnotes":""},"categories":[1],"tags":[],"class_list":["post-35033","post","type-post","status-publish","format-standard","has-post-thumbnail","hentry","category-guncel"],"_links":{"self":[{"href":"https:\/\/www.egemtv.com\/index.php?rest_route=\/wp\/v2\/posts\/35033","targetHints":{"allow":["GET"]}}],"collection":[{"href":"https:\/\/www.egemtv.com\/index.php?rest_route=\/wp\/v2\/posts"}],"about":[{"href":"https:\/\/www.egemtv.com\/index.php?rest_route=\/wp\/v2\/types\/post"}],"author":[{"embeddable":true,"href":"https:\/\/www.egemtv.com\/index.php?rest_route=\/wp\/v2\/users\/1"}],"replies":[{"embeddable":true,"href":"https:\/\/www.egemtv.com\/index.php?rest_route=%2Fwp%2Fv2%2Fcomments&post=35033"}],"version-history":[{"count":1,"href":"https:\/\/www.egemtv.com\/index.php?rest_route=\/wp\/v2\/posts\/35033\/revisions"}],"predecessor-version":[{"id":35035,"href":"https:\/\/www.egemtv.com\/index.php?rest_route=\/wp\/v2\/posts\/35033\/revisions\/35035"}],"wp:featuredmedia":[{"embeddable":true,"href":"https:\/\/www.egemtv.com\/index.php?rest_route=\/wp\/v2\/media\/35034"}],"wp:attachment":[{"href":"https:\/\/www.egemtv.com\/index.php?rest_route=%2Fwp%2Fv2%2Fmedia&parent=35033"}],"wp:term":[{"taxonomy":"category","embeddable":true,"href":"https:\/\/www.egemtv.com\/index.php?rest_route=%2Fwp%2Fv2%2Fcategories&post=35033"},{"taxonomy":"post_tag","embeddable":true,"href":"https:\/\/www.egemtv.com\/index.php?rest_route=%2Fwp%2Fv2%2Ftags&post=35033"}],"curies":[{"name":"wp","href":"https:\/\/api.w.org\/{rel}","templated":true}]}}