{"id":35030,"date":"2025-06-14T12:35:47","date_gmt":"2025-06-14T09:35:47","guid":{"rendered":"https:\/\/www.egemtv.com\/?p=35030"},"modified":"2025-06-14T12:35:51","modified_gmt":"2025-06-14T09:35:51","slug":"kaymakam-hayrettin-baskina-protokolden-veda","status":"publish","type":"post","link":"https:\/\/www.egemtv.com\/?p=35030","title":{"rendered":"Kaymakam Hayrettin Bask\u0131n\u2019a protokolden veda"},"content":{"rendered":"<p>K\u00fctahya\u2019n\u0131n Tav\u015fanl\u0131 il\u00e7esinde, Safranbolu\u2019ya tayin olan Kaymakam Hayrettin Bask\u0131n i\u00e7in bir veda yeme\u011fi d\u00fczenlendi.<br \/>\n<br \/>Yemekte bir konu\u015fma yapan Belediye ba\u015fkan\u0131 Ali Kemal Derin, Kaymakam Hayrettin Bask\u0131n\u2019\u0131n Tav\u015fanl\u0131\u2019ya \u00f6nemli hizmetlerde bulundu\u011funu belirterek, yeni g\u00f6rev yerinde ba\u015far\u0131lar diledi. Kaymakam Bask\u0131n\u2019\u0131n Tav\u015fanl\u0131\u2019da g\u00f6rev yapt\u0131\u011f\u0131 s\u00fcre boyunca g\u00f6sterdi\u011fi gayretli \u00e7al\u0131\u015fmalar ve il\u00e7enin geli\u015fimi i\u00e7in verdi\u011fi katk\u0131lardan dolay\u0131 kendisine te\u015fekk\u00fcr etti.<br \/>\n<br \/>Kaymakam Hayrettin Bask\u0131n ise veda yeme\u011finde yapt\u0131\u011f\u0131 konu\u015fmada, Tav\u015fanl\u0131\u2019da g\u00f6rev yapmaktan duydu\u011fu memnuniyeti dile getirdi. G\u00f6rev s\u00fcresi boyunca kendisine destek olan t\u00fcm protokol mensuplar\u0131na, kamu kurum ve kurulu\u015flar\u0131n\u0131n temsilcilerine ve Tav\u015fanl\u0131 halk\u0131na te\u015fekk\u00fcrlerini iletti. Yeni g\u00f6rev yeri Safranbolu\u2019da da ayn\u0131 azim ve gayretle \u00e7al\u0131\u015fmaya devam edece\u011fini vurgulad\u0131.<br \/><\/p>\n","protected":false},"excerpt":{"rendered":"<p>K\u00fctahya\u2019n\u0131n Tav\u015fanl\u0131 il\u00e7esinde, Safranbolu\u2019ya tayin olan Kaymakam Hayrettin Bask\u0131n i\u00e7in bir veda yeme\u011fi d\u00fczenlendi. Yemekte bir konu\u015fma yapan Belediye ba\u015fkan\u0131 Ali Kemal Derin, Kaymakam Hayrettin Bask\u0131n\u2019\u0131n Tav\u015fanl\u0131\u2019ya \u00f6nemli hizmetlerde bulundu\u011funu belirterek, yeni g\u00f6rev yerinde ba\u015far\u0131lar diledi. Kaymakam Bask\u0131n\u2019\u0131n Tav\u015fanl\u0131\u2019da g\u00f6rev yapt\u0131\u011f\u0131 s\u00fcre boyunca g\u00f6sterdi\u011fi gayretli \u00e7al\u0131\u015fmalar ve il\u00e7enin geli\u015fimi i\u00e7in verdi\u011fi katk\u0131lardan dolay\u0131 kendisine te\u015fekk\u00fcr&#8230;<\/p>\n","protected":false},"author":1,"featured_media":35031,"comment_status":"open","ping_status":"open","sticky":false,"template":"","format":"standard","meta":{"_crdt_document":"","footnotes":""},"categories":[127],"tags":[],"class_list":["post-35030","post","type-post","status-publish","format-standard","has-post-thumbnail","hentry","category-siyaset"],"_links":{"self":[{"href":"https:\/\/www.egemtv.com\/index.php?rest_route=\/wp\/v2\/posts\/35030","targetHints":{"allow":["GET"]}}],"collection":[{"href":"https:\/\/www.egemtv.com\/index.php?rest_route=\/wp\/v2\/posts"}],"about":[{"href":"https:\/\/www.egemtv.com\/index.php?rest_route=\/wp\/v2\/types\/post"}],"author":[{"embeddable":true,"href":"https:\/\/www.egemtv.com\/index.php?rest_route=\/wp\/v2\/users\/1"}],"replies":[{"embeddable":true,"href":"https:\/\/www.egemtv.com\/index.php?rest_route=%2Fwp%2Fv2%2Fcomments&post=35030"}],"version-history":[{"count":1,"href":"https:\/\/www.egemtv.com\/index.php?rest_route=\/wp\/v2\/posts\/35030\/revisions"}],"predecessor-version":[{"id":35032,"href":"https:\/\/www.egemtv.com\/index.php?rest_route=\/wp\/v2\/posts\/35030\/revisions\/35032"}],"wp:featuredmedia":[{"embeddable":true,"href":"https:\/\/www.egemtv.com\/index.php?rest_route=\/wp\/v2\/media\/35031"}],"wp:attachment":[{"href":"https:\/\/www.egemtv.com\/index.php?rest_route=%2Fwp%2Fv2%2Fmedia&parent=35030"}],"wp:term":[{"taxonomy":"category","embeddable":true,"href":"https:\/\/www.egemtv.com\/index.php?rest_route=%2Fwp%2Fv2%2Fcategories&post=35030"},{"taxonomy":"post_tag","embeddable":true,"href":"https:\/\/www.egemtv.com\/index.php?rest_route=%2Fwp%2Fv2%2Ftags&post=35030"}],"curies":[{"name":"wp","href":"https:\/\/api.w.org\/{rel}","templated":true}]}}