{"id":35027,"date":"2025-06-14T12:35:43","date_gmt":"2025-06-14T09:35:43","guid":{"rendered":"https:\/\/www.egemtv.com\/?p=35027"},"modified":"2025-06-14T12:35:47","modified_gmt":"2025-06-14T09:35:47","slug":"kutahyada-yarismalarda-dereceye-giren-ogrencilere-belge-ve-odulleri-verildi","status":"publish","type":"post","link":"https:\/\/www.egemtv.com\/?p=35027","title":{"rendered":"K\u00fctahya\u2019da yar\u0131\u015fmalarda dereceye giren \u00f6\u011frencilere belge ve \u00f6d\u00fclleri verildi"},"content":{"rendered":"<p>K\u00fctahya\u2019da &#8220;Dilimizin Zenginlikleri&#8221; isimli proje \u00e7er\u00e7evesinde d\u00fczenlenen yar\u0131\u015fmalarda dereceye giren \u00f6\u011frencilere belge ve \u00f6d\u00fclleri verildi.<br \/>\n<br \/>Milli E\u011fitim Bakanl\u0131\u011f\u0131 taraf\u0131ndan T\u00fcrkiye genelindeki t\u00fcm e\u011fitim kademelerine y\u00f6nelik hayata ge\u00e7irilen, anadilimizin derinliklerini ve zenginliklerini \u00f6\u011frencilere \u00f6\u011fretmeyi hedefleyen &#8220;Dilimizin Zenginlikleri&#8221; isimli proje \u00e7er\u00e7evesinde, K\u00fctahya\u2019da ilk ve orta\u00f6\u011fretim \u00f6\u011frencilerine y\u00f6nelik yar\u0131\u015fmalar d\u00fczenlendi. Proje ile \u00f6\u011frencilerin dilimizin zenginliklerini tan\u0131mas\u0131, k\u00fclt\u00fcr ta\u015f\u0131y\u0131c\u0131s\u0131 olan s\u00f6zc\u00fcklerle bulu\u015fmas\u0131, T\u00fcrk\u00e7eyi do\u011fru ve etkili kullanmalar\u0131 ve d\u00fc\u015f\u00fcnce d\u00fcnyalar\u0131n\u0131 geli\u015ftirmeleri hedefleniyor.<br \/>\n<br \/>Proje \u00e7er\u00e7evesinde, Temel E\u011fitim Genel M\u00fcd\u00fcrl\u00fc\u011f\u00fc\u2019ne ba\u011fl\u0131 okullarda &#8220;Kelimelerle Resim \u00c7iz&#8221; isimli, Orta\u00f6\u011fretim Genel M\u00fcd\u00fcrl\u00fc\u011f\u00fc\u2019ne ba\u011fl\u0131 okullarda ise &#8220;Yunus Emre\u2019nin T\u00fcrk\u00e7esi Ti\u015f\u00f6rt Tasar\u0131m\u0131&#8221; isimli yar\u0131\u015fma d\u00fczenlendi.<br \/>\n<br \/>Yar\u0131\u015fmalarda dereceye giren \u00f6\u011frencilere belge ve \u00f6d\u00fclleri, \u0130l Milli E\u011fitim M\u00fcd\u00fcr\u00fc Mustafa Y\u0131lmaz taraf\u0131ndan takdim edildi. M\u00fcd\u00fcrl\u00fck makam\u0131nda ger\u00e7ekle\u015ftirilen t\u00f6rende, Temel E\u011fitim \u015eube M\u00fcd\u00fcr\u00fc Mustafa Topuz, Orta\u00f6\u011fretim Hizmetleri \u015eube M\u00fcd\u00fcr\u00fc \u0130rfan Kan\u0131k, okul y\u00f6neticileri, \u00f6\u011frenciler ve veliler de haz\u0131r bulundu.<br \/>\n<br \/>\u0130l Milli E\u011fitim M\u00fcd\u00fcr\u00fc Mustafa Y\u0131lmaz, \u00f6\u011frencileri ba\u015far\u0131lar\u0131ndan dolay\u0131 tebrik etti ve bu t\u00fcr projelerin \u00f6\u011frencilerin dil bilincini geli\u015ftirmede \u00f6nemli bir rol oynad\u0131\u011f\u0131n\u0131 vurgulad\u0131. Y\u0131lmaz, ayr\u0131ca \u00f6\u011frencilere milli ve manevi de\u011ferlerin \u00f6neminden s\u00f6z ederek bu de\u011ferlere sahip \u00e7\u0131kmalar\u0131n\u0131 tavsiye etti.<br \/><\/p>\n","protected":false},"excerpt":{"rendered":"<p>K\u00fctahya\u2019da &#8220;Dilimizin Zenginlikleri&#8221; isimli proje \u00e7er\u00e7evesinde d\u00fczenlenen yar\u0131\u015fmalarda dereceye giren \u00f6\u011frencilere belge ve \u00f6d\u00fclleri verildi. Milli E\u011fitim Bakanl\u0131\u011f\u0131 taraf\u0131ndan T\u00fcrkiye genelindeki t\u00fcm e\u011fitim kademelerine y\u00f6nelik hayata ge\u00e7irilen, anadilimizin derinliklerini ve zenginliklerini \u00f6\u011frencilere \u00f6\u011fretmeyi hedefleyen &#8220;Dilimizin Zenginlikleri&#8221; isimli proje \u00e7er\u00e7evesinde, K\u00fctahya\u2019da ilk ve orta\u00f6\u011fretim \u00f6\u011frencilerine y\u00f6nelik yar\u0131\u015fmalar d\u00fczenlendi. Proje ile \u00f6\u011frencilerin dilimizin zenginliklerini tan\u0131mas\u0131, k\u00fclt\u00fcr ta\u015f\u0131y\u0131c\u0131s\u0131&#8230;<\/p>\n","protected":false},"author":1,"featured_media":35028,"comment_status":"open","ping_status":"open","sticky":false,"template":"","format":"standard","meta":{"_crdt_document":"","footnotes":""},"categories":[1],"tags":[],"class_list":["post-35027","post","type-post","status-publish","format-standard","has-post-thumbnail","hentry","category-guncel"],"_links":{"self":[{"href":"https:\/\/www.egemtv.com\/index.php?rest_route=\/wp\/v2\/posts\/35027","targetHints":{"allow":["GET"]}}],"collection":[{"href":"https:\/\/www.egemtv.com\/index.php?rest_route=\/wp\/v2\/posts"}],"about":[{"href":"https:\/\/www.egemtv.com\/index.php?rest_route=\/wp\/v2\/types\/post"}],"author":[{"embeddable":true,"href":"https:\/\/www.egemtv.com\/index.php?rest_route=\/wp\/v2\/users\/1"}],"replies":[{"embeddable":true,"href":"https:\/\/www.egemtv.com\/index.php?rest_route=%2Fwp%2Fv2%2Fcomments&post=35027"}],"version-history":[{"count":1,"href":"https:\/\/www.egemtv.com\/index.php?rest_route=\/wp\/v2\/posts\/35027\/revisions"}],"predecessor-version":[{"id":35029,"href":"https:\/\/www.egemtv.com\/index.php?rest_route=\/wp\/v2\/posts\/35027\/revisions\/35029"}],"wp:featuredmedia":[{"embeddable":true,"href":"https:\/\/www.egemtv.com\/index.php?rest_route=\/wp\/v2\/media\/35028"}],"wp:attachment":[{"href":"https:\/\/www.egemtv.com\/index.php?rest_route=%2Fwp%2Fv2%2Fmedia&parent=35027"}],"wp:term":[{"taxonomy":"category","embeddable":true,"href":"https:\/\/www.egemtv.com\/index.php?rest_route=%2Fwp%2Fv2%2Fcategories&post=35027"},{"taxonomy":"post_tag","embeddable":true,"href":"https:\/\/www.egemtv.com\/index.php?rest_route=%2Fwp%2Fv2%2Ftags&post=35027"}],"curies":[{"name":"wp","href":"https:\/\/api.w.org\/{rel}","templated":true}]}}