{"id":35024,"date":"2025-06-14T12:17:03","date_gmt":"2025-06-14T09:17:03","guid":{"rendered":"https:\/\/www.egemtv.com\/?p=35024"},"modified":"2025-06-14T12:17:08","modified_gmt":"2025-06-14T09:17:08","slug":"acili-baba-kaybettigi-oglunun-adiyla-14-yilda-14-kutuphane-acti","status":"publish","type":"post","link":"https:\/\/www.egemtv.com\/?p=35024","title":{"rendered":"Ac\u0131l\u0131 baba, kaybetti\u011fi o\u011flunun ad\u0131yla 14 y\u0131lda 14 k\u00fct\u00fcphane a\u00e7t\u0131"},"content":{"rendered":"<p>Trafik kazas\u0131nda kaybetti\u011fi o\u011flunun an\u0131s\u0131n\u0131 ya\u015fatmak i\u00e7in 14 y\u0131l \u00f6nce ilk k\u00fct\u00fcphaneyi a\u00e7an gazeteci baba \u0130brahim Irmak, zaman i\u00e7erisinde a\u00e7t\u0131\u011f\u0131 k\u00fct\u00fcphane say\u0131s\u0131n\u0131 14\u2019e \u00e7\u0131kartarak binlerce t\u00fcrden kitab\u0131 kitapseverlerle bulu\u015fturdu. \u0130brahim \u00c7ak\u0131r, kendi imkanlar\u0131 ile ve dostlar\u0131n\u0131n da katk\u0131s\u0131yla a\u00e7t\u0131\u011f\u0131 k\u00fct\u00fcphanelerin o\u011flunun ac\u0131s\u0131n\u0131 hafifletti\u011fini ve ba\u015fkalar\u0131na ilham verdi\u011fini s\u00f6yledi.<br \/>\n<br \/>\u0130zmir\u2019in Karaba\u011flar il\u00e7esinde ya\u015fayan ve as\u0131l mesle\u011fi gazeteci olan 73 ya\u015f\u0131ndaki \u0130brahim Irmak, 32 ya\u015f\u0131ndaki o\u011flu \u00c7a\u011flayan Irmak\u2019\u0131 2011 y\u0131l\u0131nda trafik kazas\u0131nda kaybetti. \u0130brahim Irmak, bu olay\u0131n hem gazetecilik hem de ya\u015fam felsefesini etkilemesi \u00fczerine kaybetti\u011fi o\u011flunun ad\u0131n\u0131 ya\u015fatmak i\u00e7in k\u00fct\u00fcphane a\u00e7maya karar verdi. Dostlar\u0131n\u0131n ve \u00e7evresinin destekleri ile ilk k\u00fct\u00fcphaneyi kaybetti\u011fi o\u011flunun do\u011fum g\u00fcn\u00fcnde; 29 May\u0131s 2013\u2019te, memleketi \u00d6demi\u015f\u2019in Mescitli k\u00f6y\u00fcnde a\u00e7t\u0131.<\/p>\n<p>K\u00fct\u00fcphane fikrinin ard\u0131ndaki ge\u00e7mi\u015f<br \/>\n<br \/>K\u00fct\u00fcphane kurma fikrinin ard\u0131nda; ac\u0131 bir arka plan\u0131n oldu\u011funu dile getiren \u0130brahim Irmak, &#8220;13 Mart 2011\u2019de o\u011flumu kaybettim. Bu olay hem gazetecilik hayat\u0131m\u0131, hem de ya\u015fam felsefemizi derinden etkiledi. Ard\u0131ndan d\u00fc\u015f\u00fcnd\u00fck ki, o\u011flumuzun ad\u0131n\u0131 ya\u015fatmak i\u00e7in bir \u015feyler yapmal\u0131y\u0131z. \u2018Bir k\u00fct\u00fcphane a\u00e7sak nas\u0131l olur?\u2019 dedik. Zaten elimizde kitaplar\u0131m\u0131z vard\u0131. Kendi kitaplar\u0131ma dostlar\u0131m\u0131z da kitap ekleyince, \u2018Biz sana destek oluruz\u2019 dediler. O\u011flumun do\u011fum g\u00fcn\u00fc olan 29 May\u0131s 2013\u2019te, memleketimiz \u00d6demi\u015f\u2019in Mescitli k\u00f6y\u00fcnde ilk k\u00fct\u00fcphanemizi a\u00e7t\u0131k. Sa\u011f olsun gazeteci dostlar\u0131m\u0131z ve bir\u00e7ok isim kat\u0131ld\u0131. Bu s\u00fcrecin medya g\u00fcc\u00fc taraf\u0131 da var. A\u00e7\u0131l\u0131\u015f\u0131m\u0131z haber olunca, gazetelerde, televizyonlarda, dergilerde yer ald\u0131. Ard\u0131ndan kitaplar ya\u011fmaya ba\u015flad\u0131. Elimizde kitap birikince de yeni k\u00fct\u00fcphaneler a\u00e7maya ba\u015flad\u0131k. Her 3 bin 500 kitap birikti\u011finde bir k\u00fct\u00fcphane kuruyoruz. Gitti\u011fimiz yerlerde kitap say\u0131s\u0131n\u0131n zamanla artt\u0131\u011f\u0131n\u0131, halk\u0131n da kitap ba\u011f\u0131\u015flad\u0131\u011f\u0131n\u0131 g\u00f6r\u00fcyoruz. Hatta baz\u0131lar\u0131 bizi bile aramadan do\u011frudan kitap g\u00f6nderiyor. Bu bizim i\u00e7in b\u00fcy\u00fck bir umut kayna\u011f\u0131 oldu\u2019\u2019 dedi.<\/p>\n<p>Allah kimseye evlat ac\u0131s\u0131 ya\u015fatmas\u0131n<br \/>\n<br \/>Tek tesellisinin di\u011fer \u00e7ocuklar\u0131n hayatlar\u0131na dokunmak, onlara \u0131\u015f\u0131k olmak oldu\u011funu vurgulayan \u0130brahim Irmak, &#8220;Bu i\u00e7imde hi\u00e7 s\u00f6nmeyen bir yang\u0131n. Kor gibi duruyor. Bir r\u00fczgar esti mi hemen alevleniyor. Allah kimseye evlat ac\u0131s\u0131 ya\u015fatmas\u0131n. \u00c7ok zor. Gecenin bir yar\u0131s\u0131 uyan\u0131p onu d\u00fc\u015f\u00fcn\u00fcyorsunuz. Gazetecilik yap\u0131yorum, yaz\u0131p \u00e7iziyorum. Topluma faydal\u0131 olmaya \u00e7al\u0131\u015f\u0131yorum. \u00c7\u00fcnk\u00fc insanlara fayda sa\u011flad\u0131k\u00e7a hem g\u00f6revimizi yapm\u0131\u015f oluyoruz hem de \u00fclkemize katk\u0131da bulunuyoruz. Ben diyorum ki, memleket i\u00e7in projesi olan herkese destek olmak zorunday\u0131z. E\u011fer biz \u00e7ocuklar\u0131m\u0131za sahip \u00e7\u0131karsak, onlar\u0131n karanl\u0131klar\u0131n\u0131 ayd\u0131nlat\u0131rsak, kitaplar yol g\u00f6sterici olur. Kitap okuyan bir insan\u0131n zihnine her sayfa yeni bir bilgi ekler. Bu da onun geli\u015fmesini, ba\u015fkalar\u0131na daha fazla yard\u0131m etmesini sa\u011flar. \u00dc\u00e7 g\u00fcnl\u00fck d\u00fcnyada ne isteriz ki? \u0130yi ge\u00e7inmek, birbirimize destek olmak, dost olmak Bu m\u00fcmk\u00fcn. Herkes bir katk\u0131 sunsa \u00e7ok daha ya\u015fanabilir bir d\u00fcnya olu\u015fturabiliriz. Bizim imk\u00e2nlar\u0131m\u0131zla a\u00e7t\u0131\u011f\u0131m\u0131z bu k\u00fct\u00fcphaneler, hem ac\u0131m\u0131z\u0131 hafifletiyor hem de ba\u015fkalar\u0131na ilham veriyor. Anadolu\u2019nun pek \u00e7ok yerinde art\u0131k insanlar kaybettikleri yak\u0131nlar\u0131 i\u00e7in k\u00fct\u00fcphane a\u00e7\u0131yor. Bence yap\u0131labilecek en g\u00fczel i\u015flerden biri bu&#8221; s\u00f6zlerini aktard\u0131.<\/p>\n<p>O\u011flumun ad\u0131n\u0131 ta\u015f\u0131yan toplam 14 k\u00fct\u00fcphanemiz var<br \/>\n<br \/>O\u011flunun ad\u0131n\u0131 ya\u015fatmak i\u00e7in \u00e7\u0131kt\u0131\u011f\u0131 bu yolda bu sene 14. k\u00fct\u00fcphanenin \u00d6demi\u015f \u00c7arl\u0131\u2019da a\u00e7\u0131ld\u0131\u011f\u0131n\u0131 aktaran \u0130brahim Irmak, &#8220;Bug\u00fcn, o\u011flumun ad\u0131n\u0131 ta\u015f\u0131yan toplam 14 k\u00fct\u00fcphanemiz var. G\u00f6n\u00fcll\u00fc arkada\u015flar\u0131m\u0131z bu k\u00fct\u00fcphanelerde g\u00f6rev yap\u0131yor. Sabahlar\u0131 a\u00e7\u0131yor, gelenlere kitap veriyorlar. Sistemimiz \u00e7ok basit: \u2018Ayd\u0131nlanma yolunda bir mum yak\u2019. Al, g\u00f6t\u00fcr, oku, getir. \u0130mkan\u0131n varsa da kitap ba\u011f\u0131\u015fla. B\u00fct\u00fcn parolam\u0131z bu. Kitaplar \u00e7ok pahal\u0131. Herkesin kitap almas\u0131 zorla\u015ft\u0131. Ama biz diyoruz ki, gelin, al\u0131n okuyun. Sadece \u00dc\u00e7kuyular\u2019da a\u00e7t\u0131\u011f\u0131m\u0131z bu k\u00fct\u00fcphane sayesinde mahalledeki her eve 5 bin 500 kitap d\u00fc\u015f\u00fcyor. Telefon numaram\u0131z k\u00fct\u00fcphaneye gelen herkesin g\u00f6rebilece\u011fi yerde yaz\u0131l\u0131. Gecenin bir vakti bile kitap isteyen olursa getiriyorum. Yazlar\u0131 parkta ge\u00e7 saatlere kadar oturuyoruz. Bu sadece kitap de\u011fil, ayn\u0131 zamanda toplumsal g\u00fcvenlik ve kom\u015fuluk a\u00e7\u0131s\u0131ndan da \u00e7ok k\u0131ymetli. Eskiden insanlar gece parka inemezdi. \u015eimdi \u00e7ay\u0131n\u0131, kahvesini alan geliyor. \u00c7ocuklar oynuyor, insanlar rahat\u00e7a vakit ge\u00e7iriyor. Bu k\u00fct\u00fcphanelerin T\u00fcrkiye genelinde yayg\u0131nla\u015fmas\u0131 gerekti\u011fine inan\u0131yorum\u2019\u2019 ifadelerine yer verdi.<br \/><\/p>\n","protected":false},"excerpt":{"rendered":"<p>Trafik kazas\u0131nda kaybetti\u011fi o\u011flunun an\u0131s\u0131n\u0131 ya\u015fatmak i\u00e7in 14 y\u0131l \u00f6nce ilk k\u00fct\u00fcphaneyi a\u00e7an gazeteci baba \u0130brahim Irmak, zaman i\u00e7erisinde a\u00e7t\u0131\u011f\u0131 k\u00fct\u00fcphane say\u0131s\u0131n\u0131 14\u2019e \u00e7\u0131kartarak binlerce t\u00fcrden kitab\u0131 kitapseverlerle bulu\u015fturdu. \u0130brahim \u00c7ak\u0131r, kendi imkanlar\u0131 ile ve dostlar\u0131n\u0131n da katk\u0131s\u0131yla a\u00e7t\u0131\u011f\u0131 k\u00fct\u00fcphanelerin o\u011flunun ac\u0131s\u0131n\u0131 hafifletti\u011fini ve ba\u015fkalar\u0131na ilham verdi\u011fini s\u00f6yledi. \u0130zmir\u2019in Karaba\u011flar il\u00e7esinde ya\u015fayan ve as\u0131l mesle\u011fi&#8230;<\/p>\n","protected":false},"author":1,"featured_media":35025,"comment_status":"open","ping_status":"open","sticky":false,"template":"","format":"standard","meta":{"_crdt_document":"","footnotes":""},"categories":[1],"tags":[],"class_list":["post-35024","post","type-post","status-publish","format-standard","has-post-thumbnail","hentry","category-guncel"],"_links":{"self":[{"href":"https:\/\/www.egemtv.com\/index.php?rest_route=\/wp\/v2\/posts\/35024","targetHints":{"allow":["GET"]}}],"collection":[{"href":"https:\/\/www.egemtv.com\/index.php?rest_route=\/wp\/v2\/posts"}],"about":[{"href":"https:\/\/www.egemtv.com\/index.php?rest_route=\/wp\/v2\/types\/post"}],"author":[{"embeddable":true,"href":"https:\/\/www.egemtv.com\/index.php?rest_route=\/wp\/v2\/users\/1"}],"replies":[{"embeddable":true,"href":"https:\/\/www.egemtv.com\/index.php?rest_route=%2Fwp%2Fv2%2Fcomments&post=35024"}],"version-history":[{"count":1,"href":"https:\/\/www.egemtv.com\/index.php?rest_route=\/wp\/v2\/posts\/35024\/revisions"}],"predecessor-version":[{"id":35026,"href":"https:\/\/www.egemtv.com\/index.php?rest_route=\/wp\/v2\/posts\/35024\/revisions\/35026"}],"wp:featuredmedia":[{"embeddable":true,"href":"https:\/\/www.egemtv.com\/index.php?rest_route=\/wp\/v2\/media\/35025"}],"wp:attachment":[{"href":"https:\/\/www.egemtv.com\/index.php?rest_route=%2Fwp%2Fv2%2Fmedia&parent=35024"}],"wp:term":[{"taxonomy":"category","embeddable":true,"href":"https:\/\/www.egemtv.com\/index.php?rest_route=%2Fwp%2Fv2%2Fcategories&post=35024"},{"taxonomy":"post_tag","embeddable":true,"href":"https:\/\/www.egemtv.com\/index.php?rest_route=%2Fwp%2Fv2%2Ftags&post=35024"}],"curies":[{"name":"wp","href":"https:\/\/api.w.org\/{rel}","templated":true}]}}