{"id":35021,"date":"2025-06-14T11:56:25","date_gmt":"2025-06-14T08:56:25","guid":{"rendered":"https:\/\/www.egemtv.com\/?p=35021"},"modified":"2025-06-14T11:56:29","modified_gmt":"2025-06-14T08:56:29","slug":"denizli-il-jandarma-komutanligi-teknolojik-donanimini-vatandaslara-tanitti","status":"publish","type":"post","link":"https:\/\/www.egemtv.com\/?p=35021","title":{"rendered":"Denizli \u0130l Jandarma Komutanl\u0131\u011f\u0131 teknolojik donan\u0131m\u0131n\u0131 vatanda\u015flara tan\u0131tt\u0131"},"content":{"rendered":"<p>Denizli \u0130l Jandarma Komutanl\u0131\u011f\u0131, 186. y\u0131l d\u00f6n\u00fcm\u00fc kutlamalar\u0131 kapsam\u0131nda sahada kulland\u0131klar\u0131 teknolojik donan\u0131m\u0131 vatanda\u015flara tan\u0131tt\u0131.<br \/>\n<br \/>Denizli \u0130l Jandarma Komutanl\u0131\u011f\u0131, trafik denetlemesinde, ka\u00e7ak\u00e7\u0131l\u0131kta, narkotikte, olay yeri incelemede ve operasyon timlerinde kulland\u0131\u011f\u0131 en son teknolojik ara\u00e7 gere\u00e7leri, silahlar\u0131 ve m\u00fchimmat\u0131 vatanda\u015flara tan\u0131tt\u0131. Denizli Delikli\u00e7\u0131nar Meydan\u0131nda d\u00fczenlenen ekipman sergisinde vatanda\u015flar merak ettikleri sorular\u0131 jandarmaya sorma f\u0131rsatt\u0131 buldu. \u00d6zellikle yeni nesil teknolojiye sahip ara\u00e7lar ve milli yaz\u0131l\u0131mlarla g\u00fcncellenen sistemler dikkat \u00e7ekti. Ziyaret\u00e7ilere, yaka kameralar\u0131n\u0131n yaz\u0131l\u0131m g\u00fcncellemeleri sayesinde y\u00fcz tan\u0131ma sistemleriyle aranan ki\u015filerin daha kolay yakalanabildi\u011fi, ve yerli \u00fcretim olan trafik denetleme radar sistemi ile gece ve g\u00fcnd\u00fcz trafik denetlemesi yap\u0131la bildi\u011fi ve yakalamas\u0131 olan ara\u00e7lar\u0131n daha h\u0131zl\u0131 tespit edildi\u011fi bilgisi aktar\u0131ld\u0131.<br \/><\/p>\n","protected":false},"excerpt":{"rendered":"<p>Denizli \u0130l Jandarma Komutanl\u0131\u011f\u0131, 186. y\u0131l d\u00f6n\u00fcm\u00fc kutlamalar\u0131 kapsam\u0131nda sahada kulland\u0131klar\u0131 teknolojik donan\u0131m\u0131 vatanda\u015flara tan\u0131tt\u0131. Denizli \u0130l Jandarma Komutanl\u0131\u011f\u0131, trafik denetlemesinde, ka\u00e7ak\u00e7\u0131l\u0131kta, narkotikte, olay yeri incelemede ve operasyon timlerinde kulland\u0131\u011f\u0131 en son teknolojik ara\u00e7 gere\u00e7leri, silahlar\u0131 ve m\u00fchimmat\u0131 vatanda\u015flara tan\u0131tt\u0131. Denizli Delikli\u00e7\u0131nar Meydan\u0131nda d\u00fczenlenen ekipman sergisinde vatanda\u015flar merak ettikleri sorular\u0131 jandarmaya sorma f\u0131rsatt\u0131 buldu. \u00d6zellikle&#8230;<\/p>\n","protected":false},"author":1,"featured_media":35022,"comment_status":"open","ping_status":"open","sticky":false,"template":"","format":"standard","meta":{"_crdt_document":"","footnotes":""},"categories":[5],"tags":[],"class_list":["post-35021","post","type-post","status-publish","format-standard","has-post-thumbnail","hentry","category-asayis"],"_links":{"self":[{"href":"https:\/\/www.egemtv.com\/index.php?rest_route=\/wp\/v2\/posts\/35021","targetHints":{"allow":["GET"]}}],"collection":[{"href":"https:\/\/www.egemtv.com\/index.php?rest_route=\/wp\/v2\/posts"}],"about":[{"href":"https:\/\/www.egemtv.com\/index.php?rest_route=\/wp\/v2\/types\/post"}],"author":[{"embeddable":true,"href":"https:\/\/www.egemtv.com\/index.php?rest_route=\/wp\/v2\/users\/1"}],"replies":[{"embeddable":true,"href":"https:\/\/www.egemtv.com\/index.php?rest_route=%2Fwp%2Fv2%2Fcomments&post=35021"}],"version-history":[{"count":1,"href":"https:\/\/www.egemtv.com\/index.php?rest_route=\/wp\/v2\/posts\/35021\/revisions"}],"predecessor-version":[{"id":35023,"href":"https:\/\/www.egemtv.com\/index.php?rest_route=\/wp\/v2\/posts\/35021\/revisions\/35023"}],"wp:featuredmedia":[{"embeddable":true,"href":"https:\/\/www.egemtv.com\/index.php?rest_route=\/wp\/v2\/media\/35022"}],"wp:attachment":[{"href":"https:\/\/www.egemtv.com\/index.php?rest_route=%2Fwp%2Fv2%2Fmedia&parent=35021"}],"wp:term":[{"taxonomy":"category","embeddable":true,"href":"https:\/\/www.egemtv.com\/index.php?rest_route=%2Fwp%2Fv2%2Fcategories&post=35021"},{"taxonomy":"post_tag","embeddable":true,"href":"https:\/\/www.egemtv.com\/index.php?rest_route=%2Fwp%2Fv2%2Ftags&post=35021"}],"curies":[{"name":"wp","href":"https:\/\/api.w.org\/{rel}","templated":true}]}}