{"id":35018,"date":"2025-06-14T11:36:38","date_gmt":"2025-06-14T08:36:38","guid":{"rendered":"https:\/\/www.egemtv.com\/?p=35018"},"modified":"2025-06-14T11:36:42","modified_gmt":"2025-06-14T08:36:42","slug":"kulturler-kavakliderede-bulustu","status":"publish","type":"post","link":"https:\/\/www.egemtv.com\/?p=35018","title":{"rendered":"K\u00fclt\u00fcrler Kavakl\u0131dere\u2019de bulu\u015ftu"},"content":{"rendered":"<p>Kavakl\u0131dere Gen\u00e7lik ve Spor \u0130l\u00e7e M\u00fcd\u00fcrl\u00fc\u011f\u00fc taraf\u0131ndan Erasmus Program\u0131 kapsam\u0131nda d\u00fczenlenen k\u00fclt\u00fcrel etkile\u015fim etkinli\u011fi, farkl\u0131 \u00fclkelerden gelen g\u00f6n\u00fcll\u00fc gen\u00e7leri Kavakl\u0131dere\u2019de bir araya getirdi.<\/p>\n<p>Kavakl\u0131dere Kaymakaml\u0131\u011f\u0131\u2019na ba\u011fl\u0131 olarak faaliyet g\u00f6steren Gen\u00e7lik ve Spor \u0130l\u00e7e M\u00fcd\u00fcrl\u00fc\u011f\u00fc\u2019n\u00fcn ev sahipli\u011finde ger\u00e7ekle\u015fen programa; \u0130talya, Polonya, M\u0131s\u0131r, Azerbaycan ve Macaristan\u2019dan gelen g\u00f6n\u00fcll\u00fc gen\u00e7lerin yan\u0131 s\u0131ra, Mu\u011fla S\u0131tk\u0131 Ko\u00e7man \u00dcniversitesi\u2019nden g\u00f6n\u00fcll\u00fc \u00f6\u011frenciler de kat\u0131ld\u0131.<br \/>\n<br \/>Program kapsam\u0131nda g\u00f6n\u00fcll\u00fcler, Kavakl\u0131dere Mehmet Ko\u00e7arl\u0131 \u0130lk\u00f6\u011fretim Okulu\u2019nda \u00f6\u011frencilerle bulu\u015farak sanatsal, k\u00fclt\u00fcrel ve sportif faaliyetler ger\u00e7ekle\u015ftirdi. Renkli g\u00f6r\u00fcnt\u00fclere sahne olan bulu\u015fmada hem \u00e7ocuklar hem de gen\u00e7 g\u00f6n\u00fcll\u00fcler keyifli anlar ya\u015fad\u0131.<\/p>\n<p>Etkinlikte \u00e7e\u015fitli \u00fclkelerin k\u00fclt\u00fcr tan\u0131t\u0131mlar\u0131 yap\u0131l\u0131rken, \u00e7ocuklar ve g\u00f6n\u00fcll\u00fcler aras\u0131nda kar\u015f\u0131l\u0131kl\u0131 k\u00fclt\u00fcrel etkile\u015fim sa\u011fland\u0131. Gen\u00e7ler aras\u0131nda k\u00fclt\u00fcrel diyalogu art\u0131rmay\u0131 hedefleyen program kapsam\u0131nda ayr\u0131ca Kavakl\u0131dere\u2019nin do\u011fal g\u00fczelliklerine de ziyaretler d\u00fczenlendi. Kat\u0131l\u0131mc\u0131lar, b\u00f6lgenin \u00f6nemli do\u011fal de\u011ferlerinden biri olan Yerk\u00fcre Ma\u011faras\u0131 ve mesire alanlar\u0131n\u0131 gezerek Kavakl\u0131dere\u2019nin do\u011fas\u0131n\u0131 yak\u0131ndan tan\u0131ma f\u0131rsat\u0131 buldu.<\/p>\n<p>Program sonunda memnuniyetlerini dile getiren yabanc\u0131 \u00f6\u011frenciler, g\u00f6sterilen ilgi ve misafirperverlikten dolay\u0131 Kavakl\u0131dere Gen\u00e7lik ve Spor \u0130l\u00e7e M\u00fcd\u00fcrl\u00fc\u011f\u00fc\u2019ne te\u015fekk\u00fcr etti.<br \/><\/p>\n","protected":false},"excerpt":{"rendered":"<p>Kavakl\u0131dere Gen\u00e7lik ve Spor \u0130l\u00e7e M\u00fcd\u00fcrl\u00fc\u011f\u00fc taraf\u0131ndan Erasmus Program\u0131 kapsam\u0131nda d\u00fczenlenen k\u00fclt\u00fcrel etkile\u015fim etkinli\u011fi, farkl\u0131 \u00fclkelerden gelen g\u00f6n\u00fcll\u00fc gen\u00e7leri Kavakl\u0131dere\u2019de bir araya getirdi. Kavakl\u0131dere Kaymakaml\u0131\u011f\u0131\u2019na ba\u011fl\u0131 olarak faaliyet g\u00f6steren Gen\u00e7lik ve Spor \u0130l\u00e7e M\u00fcd\u00fcrl\u00fc\u011f\u00fc\u2019n\u00fcn ev sahipli\u011finde ger\u00e7ekle\u015fen programa; \u0130talya, Polonya, M\u0131s\u0131r, Azerbaycan ve Macaristan\u2019dan gelen g\u00f6n\u00fcll\u00fc gen\u00e7lerin yan\u0131 s\u0131ra, Mu\u011fla S\u0131tk\u0131 Ko\u00e7man \u00dcniversitesi\u2019nden g\u00f6n\u00fcll\u00fc \u00f6\u011frenciler&#8230;<\/p>\n","protected":false},"author":1,"featured_media":35019,"comment_status":"open","ping_status":"open","sticky":false,"template":"","format":"standard","meta":{"_crdt_document":"","footnotes":""},"categories":[1],"tags":[],"class_list":["post-35018","post","type-post","status-publish","format-standard","has-post-thumbnail","hentry","category-guncel"],"_links":{"self":[{"href":"https:\/\/www.egemtv.com\/index.php?rest_route=\/wp\/v2\/posts\/35018","targetHints":{"allow":["GET"]}}],"collection":[{"href":"https:\/\/www.egemtv.com\/index.php?rest_route=\/wp\/v2\/posts"}],"about":[{"href":"https:\/\/www.egemtv.com\/index.php?rest_route=\/wp\/v2\/types\/post"}],"author":[{"embeddable":true,"href":"https:\/\/www.egemtv.com\/index.php?rest_route=\/wp\/v2\/users\/1"}],"replies":[{"embeddable":true,"href":"https:\/\/www.egemtv.com\/index.php?rest_route=%2Fwp%2Fv2%2Fcomments&post=35018"}],"version-history":[{"count":1,"href":"https:\/\/www.egemtv.com\/index.php?rest_route=\/wp\/v2\/posts\/35018\/revisions"}],"predecessor-version":[{"id":35020,"href":"https:\/\/www.egemtv.com\/index.php?rest_route=\/wp\/v2\/posts\/35018\/revisions\/35020"}],"wp:featuredmedia":[{"embeddable":true,"href":"https:\/\/www.egemtv.com\/index.php?rest_route=\/wp\/v2\/media\/35019"}],"wp:attachment":[{"href":"https:\/\/www.egemtv.com\/index.php?rest_route=%2Fwp%2Fv2%2Fmedia&parent=35018"}],"wp:term":[{"taxonomy":"category","embeddable":true,"href":"https:\/\/www.egemtv.com\/index.php?rest_route=%2Fwp%2Fv2%2Fcategories&post=35018"},{"taxonomy":"post_tag","embeddable":true,"href":"https:\/\/www.egemtv.com\/index.php?rest_route=%2Fwp%2Fv2%2Ftags&post=35018"}],"curies":[{"name":"wp","href":"https:\/\/api.w.org\/{rel}","templated":true}]}}