{"id":35015,"date":"2025-06-14T11:36:34","date_gmt":"2025-06-14T08:36:34","guid":{"rendered":"https:\/\/www.egemtv.com\/?p=35015"},"modified":"2025-06-14T11:36:38","modified_gmt":"2025-06-14T08:36:38","slug":"jandarma-teskilatinin-186-kurulus-yil-donumu-muglada-torenle-kutlandi","status":"publish","type":"post","link":"https:\/\/www.egemtv.com\/?p=35015","title":{"rendered":"Jandarma Te\u015fkilat\u0131\u2019n\u0131n 186. kurulu\u015f y\u0131l d\u00f6n\u00fcm\u00fc Mu\u011fla\u2019da t\u00f6renle kutland\u0131"},"content":{"rendered":"<p>Jandarma Genel Komutanl\u0131\u011f\u0131\u2019n\u0131n 186. kurulu\u015f y\u0131ld\u00f6n\u00fcm\u00fc, Mu\u011fla\u2019n\u0131n Mente\u015fe il\u00e7esinde d\u00fczenlenen t\u00f6renle kutland\u0131.<\/p>\n<p>Kutlama program\u0131, Mente\u015fe Cumhuriyet Meydan\u0131\u2019nda ger\u00e7ekle\u015ftirildi. T\u00f6ren kapsam\u0131nda Mu\u011fla \u0130l Jandarma Komutan\u0131 Tu\u011fgeneral Emrullah B\u00fcy\u00fck, Atat\u00fcrk b\u00fcst\u00fcne \u00e7elenk sundu. Sayg\u0131 duru\u015fu ve \u0130stiklal Mar\u015f\u0131\u2019n\u0131n ard\u0131ndan G\u00fcn\u00fcn anlam ve \u00f6nemine dair konu\u015fmay\u0131 Jandarma Hukuk Te\u011fmeni Halil \u0130brahim \u0130zgi taraf\u0131ndan te\u015fkilat\u0131n tarih\u00e7esinin okunmas\u0131n\u0131n ard\u0131ndan program sona erdi.<\/p>\n<p>T\u00f6rene \u0130l Jandarma Komutan\u0131 Tu\u011fgeneral Emrullah B\u00fcy\u00fck, Mu\u011fla \u0130l Emniyet M\u00fcd\u00fcr\u00fc Ali Can Bolat, Jandarma ve Mu\u011fla \u0130l Emniyet M\u00fcd\u00fcrl\u00fc\u011f\u00fc personelleri kat\u0131ld\u0131.<br \/><\/p>\n","protected":false},"excerpt":{"rendered":"<p>Jandarma Genel Komutanl\u0131\u011f\u0131\u2019n\u0131n 186. kurulu\u015f y\u0131ld\u00f6n\u00fcm\u00fc, Mu\u011fla\u2019n\u0131n Mente\u015fe il\u00e7esinde d\u00fczenlenen t\u00f6renle kutland\u0131. Kutlama program\u0131, Mente\u015fe Cumhuriyet Meydan\u0131\u2019nda ger\u00e7ekle\u015ftirildi. T\u00f6ren kapsam\u0131nda Mu\u011fla \u0130l Jandarma Komutan\u0131 Tu\u011fgeneral Emrullah B\u00fcy\u00fck, Atat\u00fcrk b\u00fcst\u00fcne \u00e7elenk sundu. Sayg\u0131 duru\u015fu ve \u0130stiklal Mar\u015f\u0131\u2019n\u0131n ard\u0131ndan G\u00fcn\u00fcn anlam ve \u00f6nemine dair konu\u015fmay\u0131 Jandarma Hukuk Te\u011fmeni Halil \u0130brahim \u0130zgi taraf\u0131ndan te\u015fkilat\u0131n tarih\u00e7esinin okunmas\u0131n\u0131n ard\u0131ndan program&#8230;<\/p>\n","protected":false},"author":1,"featured_media":35016,"comment_status":"open","ping_status":"open","sticky":false,"template":"","format":"standard","meta":{"_crdt_document":"","footnotes":""},"categories":[1],"tags":[],"class_list":["post-35015","post","type-post","status-publish","format-standard","has-post-thumbnail","hentry","category-guncel"],"_links":{"self":[{"href":"https:\/\/www.egemtv.com\/index.php?rest_route=\/wp\/v2\/posts\/35015","targetHints":{"allow":["GET"]}}],"collection":[{"href":"https:\/\/www.egemtv.com\/index.php?rest_route=\/wp\/v2\/posts"}],"about":[{"href":"https:\/\/www.egemtv.com\/index.php?rest_route=\/wp\/v2\/types\/post"}],"author":[{"embeddable":true,"href":"https:\/\/www.egemtv.com\/index.php?rest_route=\/wp\/v2\/users\/1"}],"replies":[{"embeddable":true,"href":"https:\/\/www.egemtv.com\/index.php?rest_route=%2Fwp%2Fv2%2Fcomments&post=35015"}],"version-history":[{"count":1,"href":"https:\/\/www.egemtv.com\/index.php?rest_route=\/wp\/v2\/posts\/35015\/revisions"}],"predecessor-version":[{"id":35017,"href":"https:\/\/www.egemtv.com\/index.php?rest_route=\/wp\/v2\/posts\/35015\/revisions\/35017"}],"wp:featuredmedia":[{"embeddable":true,"href":"https:\/\/www.egemtv.com\/index.php?rest_route=\/wp\/v2\/media\/35016"}],"wp:attachment":[{"href":"https:\/\/www.egemtv.com\/index.php?rest_route=%2Fwp%2Fv2%2Fmedia&parent=35015"}],"wp:term":[{"taxonomy":"category","embeddable":true,"href":"https:\/\/www.egemtv.com\/index.php?rest_route=%2Fwp%2Fv2%2Fcategories&post=35015"},{"taxonomy":"post_tag","embeddable":true,"href":"https:\/\/www.egemtv.com\/index.php?rest_route=%2Fwp%2Fv2%2Ftags&post=35015"}],"curies":[{"name":"wp","href":"https:\/\/api.w.org\/{rel}","templated":true}]}}