{"id":35012,"date":"2025-06-14T11:36:29","date_gmt":"2025-06-14T08:36:29","guid":{"rendered":"https:\/\/www.egemtv.com\/?p=35012"},"modified":"2025-06-14T11:36:34","modified_gmt":"2025-06-14T08:36:34","slug":"aydinda-jandarmanin-186-yili-torenle-kutlandi","status":"publish","type":"post","link":"https:\/\/www.egemtv.com\/?p=35012","title":{"rendered":"Ayd\u0131n\u2019da Jandarma\u2019n\u0131n 186. y\u0131l\u0131 t\u00f6renle kutland\u0131"},"content":{"rendered":"<p>Jandarma Genel Komutanl\u0131\u011f\u0131\u2019n\u0131n 186. kurulu\u015f y\u0131l d\u00f6n\u00fcm\u00fc Ayd\u0131n\u2019da d\u00fczenlenen t\u00f6renle kutland\u0131.<\/p>\n<p>Ayd\u0131n Valili\u011fi \u00f6n\u00fcndeki Ayd\u0131n \u0130l Jandarma Komutan\u0131 Albay Ali Naci Aldemir taraf\u0131ndan Atat\u00fcrk b\u00fcst\u00fcne \u00e7elenk sunulmas\u0131yla ba\u015flayan t\u00f6rende sayg\u0131 duru\u015funda bulunularak \u0130stiklal Mar\u015f\u0131\u2019n\u0131n okundu. T\u00f6ren programda, Jandarma Genel Komutan\u0131 Orgeneral Ali \u00c7ardak\u00e7\u0131\u2019n\u0131n kutlama mesaj\u0131n\u0131n okunmas\u0131n\u0131n ard\u0131ndan \u0130l Jandarma Komutan Yard\u0131mc\u0131s\u0131 Albay Ahmet Uzun Jandarma Te\u015fkilat\u0131\u2019n\u0131n tarih\u00e7esini payla\u015ft\u0131. G\u00fcn\u00fcn anlam ve \u00f6nemine ili\u015fkin konu\u015fmay\u0131 ger\u00e7ekle\u015ftiren Ayd\u0131n \u0130l Jandarma Komutan\u0131 Albay Aldemir, &#8220;Bug\u00fcn mensubu olmaktan gurur duydu\u011fumuz Jandarma Te\u015fkilat\u0131m\u0131z\u0131n 186. y\u0131l\u0131n\u0131 kutlaman\u0131n onurunu, mutlulu\u011funu ve heyecan\u0131n\u0131 ya\u015f\u0131yoruz&#8221; ifadelerini kulland\u0131.<\/p>\n<p>Konu\u015fmas\u0131nda Jandarma Te\u015fkilat\u0131\u2019n\u0131n tarihi boyunca milletin sevgisini ve g\u00fcvenini kazand\u0131\u011f\u0131na dikkat \u00e7eken Albay Aldemir, &#8220;Bug\u00fcn mensubu olmaktan gurur duydu\u011fumuz Jandarma Te\u015fkilat\u0131\u2019n\u0131n Kurulu\u015fu\u2019nun 186. y\u0131l d\u00f6n\u00fcm\u00fcn\u00fc kutlaman\u0131n onur, mutluluk ve heyecan\u0131 i\u00e7erisindeyiz. Ba\u015far\u0131larla dolu 186 y\u0131ll\u0131k k\u00f6kl\u00fc bir tarihe sahip olan Jandarma Genel Komutanl\u0131\u011f\u0131, kurulu\u015fundan bug\u00fcne kadar y\u00fcce milletimizin engin sevgi ve g\u00fcvenine mazhar olmu\u015f, T\u00fcrkiye Cumhuriyeti\u2019nin b\u00f6l\u00fcnmez b\u00fct\u00fcnl\u00fc\u011f\u00fcn\u00fcn korunmas\u0131, milletimizin huzur ve g\u00fcvenli\u011fi ile kamu d\u00fczeninin sa\u011flanmas\u0131 y\u00f6n\u00fcndeki hizmetleriyle ulusumuzun her zaman takdirini kazanm\u0131\u015ft\u0131r. Jandarma Genel Komutanl\u0131\u011f\u0131 personeli olarak bizler, milletimizin bize olan bu tevecc\u00fch\u00fcn\u00fcn bilincinde hareket ederek, var olan bu g\u00fcven ve sevgi ba\u011f\u0131n\u0131 korumak, per\u00e7inlemek ve daha da g\u00fc\u00e7lendirmek azim ve kararl\u0131\u011f\u0131nday\u0131z. T\u00fcrk milletinin sonsuz g\u00fcvenine mazhar olmay\u0131 ba\u015faran T\u00fcrkiye Cumhuriyeti Jandarmas\u0131, kuruldu\u011fu g\u00fcnden bu yana g\u00fcnl\u00fck ya\u015fam\u0131n her an\u0131nda, \u00fclkemizin her noktas\u0131nda; gece-g\u00fcnd\u00fcz, s\u0131cak-so\u011fuk, ya\u011fmur-\u00e7amur demeden halk\u0131m\u0131z\u0131n hizmetinde olmu\u015f, bundan sonra da olmaya devam edecektir. Kahramanca, can\u0131 pahas\u0131na her t\u00fcrl\u00fc zorlu\u011fu en zor arazi kesimlerinde ter\u00f6ristle m\u00fccadele harekat\u0131 icra eden Jandarma, Emniyet Te\u015fkilat\u0131m\u0131z ve di\u011fer kurum ve kurulu\u015flarla tam bir koordine i\u00e7inde ba\u011fr\u0131ndan \u00e7\u0131kt\u0131\u011f\u0131 milletin ald\u0131\u011f\u0131 destekle fedakarca g\u00f6rev yapmaktad\u0131r&#8221; dedi.<\/p>\n<p>Albay Aldemir ayr\u0131ca, &#8220;Bu anlaml\u0131 g\u00fcn vesilesiyle, Jandarma Te\u015fkilat\u0131\u2019n\u0131n ula\u015ft\u0131\u011f\u0131 bug\u00fcnk\u00fc onurlu seviyede emek, gayret ve al\u0131n terleri bulunan sayg\u0131de\u011fer komutanlar\u0131m\u0131za ve de\u011ferli mensuplar\u0131m\u0131za m\u00fcte\u015fekkir oldu\u011fumuzu ifade etmek isterim. Bizlere b\u0131rak\u0131lan bu g\u00fc\u00e7l\u00fc ve de\u011ferli mirastan dolay\u0131 Jandarma Te\u015fkilat\u0131 onlar\u0131 daima minnetle anacakt\u0131r. Ayr\u0131ca ba\u015fta Ulu \u00d6nder Atat\u00fcrk ve silah arkada\u015flar\u0131 olmak \u00fczere ulusumuzun birlik ve beraberli\u011fi, vatan\u0131m\u0131z\u0131n b\u00f6l\u00fcnmez b\u00fct\u00fcnl\u00fc\u011f\u00fc ve cumhuriyetimizin temek niteliklerinin muhafazas\u0131 i\u00e7in canlar\u0131n\u0131 seve seve feda eden aziz \u015fehitlerimizi rahmetle, gazilerimizi minnet ve \u015f\u00fckranla anar, Jandarma Te\u015fkilat\u0131\u2019n\u0131n fedakar personel ve ailelerine sa\u011fl\u0131k, mutluluk ve esenlikler dilerim&#8221; diye konu\u015ftu.<\/p>\n<p>T\u00f6rene Ayd\u0131n \u0130l Emniyet M\u00fcd\u00fcr\u00fc Arma\u011fan Adnan Erdo\u011fan ile Jandarma ve Emniyet Te\u015fkilat\u0131 mensuplar\u0131 kat\u0131ld\u0131.<br \/><\/p>\n","protected":false},"excerpt":{"rendered":"<p>Jandarma Genel Komutanl\u0131\u011f\u0131\u2019n\u0131n 186. kurulu\u015f y\u0131l d\u00f6n\u00fcm\u00fc Ayd\u0131n\u2019da d\u00fczenlenen t\u00f6renle kutland\u0131. Ayd\u0131n Valili\u011fi \u00f6n\u00fcndeki Ayd\u0131n \u0130l Jandarma Komutan\u0131 Albay Ali Naci Aldemir taraf\u0131ndan Atat\u00fcrk b\u00fcst\u00fcne \u00e7elenk sunulmas\u0131yla ba\u015flayan t\u00f6rende sayg\u0131 duru\u015funda bulunularak \u0130stiklal Mar\u015f\u0131\u2019n\u0131n okundu. T\u00f6ren programda, Jandarma Genel Komutan\u0131 Orgeneral Ali \u00c7ardak\u00e7\u0131\u2019n\u0131n kutlama mesaj\u0131n\u0131n okunmas\u0131n\u0131n ard\u0131ndan \u0130l Jandarma Komutan Yard\u0131mc\u0131s\u0131 Albay Ahmet Uzun Jandarma&#8230;<\/p>\n","protected":false},"author":1,"featured_media":35013,"comment_status":"open","ping_status":"open","sticky":false,"template":"","format":"standard","meta":{"_crdt_document":"","footnotes":""},"categories":[1],"tags":[],"class_list":["post-35012","post","type-post","status-publish","format-standard","has-post-thumbnail","hentry","category-guncel"],"_links":{"self":[{"href":"https:\/\/www.egemtv.com\/index.php?rest_route=\/wp\/v2\/posts\/35012","targetHints":{"allow":["GET"]}}],"collection":[{"href":"https:\/\/www.egemtv.com\/index.php?rest_route=\/wp\/v2\/posts"}],"about":[{"href":"https:\/\/www.egemtv.com\/index.php?rest_route=\/wp\/v2\/types\/post"}],"author":[{"embeddable":true,"href":"https:\/\/www.egemtv.com\/index.php?rest_route=\/wp\/v2\/users\/1"}],"replies":[{"embeddable":true,"href":"https:\/\/www.egemtv.com\/index.php?rest_route=%2Fwp%2Fv2%2Fcomments&post=35012"}],"version-history":[{"count":1,"href":"https:\/\/www.egemtv.com\/index.php?rest_route=\/wp\/v2\/posts\/35012\/revisions"}],"predecessor-version":[{"id":35014,"href":"https:\/\/www.egemtv.com\/index.php?rest_route=\/wp\/v2\/posts\/35012\/revisions\/35014"}],"wp:featuredmedia":[{"embeddable":true,"href":"https:\/\/www.egemtv.com\/index.php?rest_route=\/wp\/v2\/media\/35013"}],"wp:attachment":[{"href":"https:\/\/www.egemtv.com\/index.php?rest_route=%2Fwp%2Fv2%2Fmedia&parent=35012"}],"wp:term":[{"taxonomy":"category","embeddable":true,"href":"https:\/\/www.egemtv.com\/index.php?rest_route=%2Fwp%2Fv2%2Fcategories&post=35012"},{"taxonomy":"post_tag","embeddable":true,"href":"https:\/\/www.egemtv.com\/index.php?rest_route=%2Fwp%2Fv2%2Ftags&post=35012"}],"curies":[{"name":"wp","href":"https:\/\/api.w.org\/{rel}","templated":true}]}}