{"id":35006,"date":"2025-06-14T11:36:21","date_gmt":"2025-06-14T08:36:21","guid":{"rendered":"https:\/\/www.egemtv.com\/?p=35006"},"modified":"2025-06-14T11:36:25","modified_gmt":"2025-06-14T08:36:25","slug":"lgsye-girecek-ogrenciler-ikramlarla-karsilanacak","status":"publish","type":"post","link":"https:\/\/www.egemtv.com\/?p=35006","title":{"rendered":"LGS\u2019ye girecek \u00f6\u011frenciler ikramlarla kar\u015f\u0131lanacak"},"content":{"rendered":"<p>Vali Do\u00e7. Dr. K\u00fcbra G\u00fcran Yi\u011fitba\u015f\u0131\u2019n\u0131n talimatlar\u0131 do\u011frultusunda kamu STK i\u015f birli\u011fiyle \u00f6\u011frencilere y\u00f6nelik anlaml\u0131 bir etkinlik hayata ge\u00e7irilirken, yar\u0131n yap\u0131lacak LGS\u2019de \u00f6\u011frencilere moral vermek amac\u0131yla \u00f6\u011frenciler ve aileleri okul giri\u015flerinde kar\u015f\u0131lanacak ve k\u00fc\u00e7\u00fck ikramlarda bulunulacak.<br \/>\n<br \/>Her f\u0131rsatta \u00f6\u011frencilerin yan\u0131nda olan ve onlar\u0131 e\u011fitim s\u00fcrecinin her a\u015famalar\u0131nda destekleyen Vali Yi\u011fitba\u015f\u0131, LGS \u00f6ncesi de \u00f6\u011frencilere moral vermek ve ailelerin yan\u0131nda oldu\u011funu hissettirmek amac\u0131yla etkinlik yap\u0131lmas\u0131 talimat\u0131n\u0131 verdi. Afyonkarahisar \u0130l Sivil Toplumla \u0130li\u015fkiler M\u00fcd\u00fcrl\u00fc\u011f\u00fc, \u0130l Milli E\u011fitim M\u00fcd\u00fcrl\u00fc\u011f\u00fc, \u0130l Gen\u00e7lik ve Spor M\u00fcd\u00fcrl\u00fc\u011f\u00fc ve STK temsilcilerinin katk\u0131lar\u0131yla yar\u0131n yap\u0131lacak olan LGS\u2019ye girecek \u00f6\u011frenciler okul giri\u015flerinde kar\u015f\u0131lanacak, Vali Yi\u011fitba\u015f\u0131\u2019n\u0131n ba\u015far\u0131 dilekleri ve selamlar\u0131 iletilecek ve \u00f6\u011frencilere su, \u015feker, kek ve meyve suyu gibi k\u00fc\u00e7\u00fck ikramlarda bulunulacak.<br \/>\n<br \/>\u0130yi bir lisede okuyabilmek umuduyla ter d\u00f6kecek olan t\u00fcm LGS adaylar\u0131na ba\u015far\u0131lar dileyen, t\u00fcm \u00f6\u011frencilere g\u00fcvendi\u011fini ifade eden ve onlar\u0131n da kendilerine inanmalar\u0131n\u0131 isteyen Vali Yi\u011fitba\u015f\u0131, bu zorlu s\u00fcre\u00e7te \u00f6\u011frencilerin ba\u015far\u0131s\u0131 i\u00e7in b\u00fcy\u00fck emek harcayan t\u00fcm idareci ve \u00f6\u011fretmenlere te\u015fekk\u00fcr etti.<br \/>\n<br \/>\u00d6te yandan, kentte LGS s\u0131nav\u0131na 3 bin 581 \u00f6\u011frencinin girece\u011fi belirtildi.<br \/><\/p>\n","protected":false},"excerpt":{"rendered":"<p>Vali Do\u00e7. Dr. K\u00fcbra G\u00fcran Yi\u011fitba\u015f\u0131\u2019n\u0131n talimatlar\u0131 do\u011frultusunda kamu STK i\u015f birli\u011fiyle \u00f6\u011frencilere y\u00f6nelik anlaml\u0131 bir etkinlik hayata ge\u00e7irilirken, yar\u0131n yap\u0131lacak LGS\u2019de \u00f6\u011frencilere moral vermek amac\u0131yla \u00f6\u011frenciler ve aileleri okul giri\u015flerinde kar\u015f\u0131lanacak ve k\u00fc\u00e7\u00fck ikramlarda bulunulacak. Her f\u0131rsatta \u00f6\u011frencilerin yan\u0131nda olan ve onlar\u0131 e\u011fitim s\u00fcrecinin her a\u015famalar\u0131nda destekleyen Vali Yi\u011fitba\u015f\u0131, LGS \u00f6ncesi de \u00f6\u011frencilere moral&#8230;<\/p>\n","protected":false},"author":1,"featured_media":35007,"comment_status":"open","ping_status":"open","sticky":false,"template":"","format":"standard","meta":{"_crdt_document":"","footnotes":""},"categories":[1],"tags":[],"class_list":["post-35006","post","type-post","status-publish","format-standard","has-post-thumbnail","hentry","category-guncel"],"_links":{"self":[{"href":"https:\/\/www.egemtv.com\/index.php?rest_route=\/wp\/v2\/posts\/35006","targetHints":{"allow":["GET"]}}],"collection":[{"href":"https:\/\/www.egemtv.com\/index.php?rest_route=\/wp\/v2\/posts"}],"about":[{"href":"https:\/\/www.egemtv.com\/index.php?rest_route=\/wp\/v2\/types\/post"}],"author":[{"embeddable":true,"href":"https:\/\/www.egemtv.com\/index.php?rest_route=\/wp\/v2\/users\/1"}],"replies":[{"embeddable":true,"href":"https:\/\/www.egemtv.com\/index.php?rest_route=%2Fwp%2Fv2%2Fcomments&post=35006"}],"version-history":[{"count":1,"href":"https:\/\/www.egemtv.com\/index.php?rest_route=\/wp\/v2\/posts\/35006\/revisions"}],"predecessor-version":[{"id":35008,"href":"https:\/\/www.egemtv.com\/index.php?rest_route=\/wp\/v2\/posts\/35006\/revisions\/35008"}],"wp:featuredmedia":[{"embeddable":true,"href":"https:\/\/www.egemtv.com\/index.php?rest_route=\/wp\/v2\/media\/35007"}],"wp:attachment":[{"href":"https:\/\/www.egemtv.com\/index.php?rest_route=%2Fwp%2Fv2%2Fmedia&parent=35006"}],"wp:term":[{"taxonomy":"category","embeddable":true,"href":"https:\/\/www.egemtv.com\/index.php?rest_route=%2Fwp%2Fv2%2Fcategories&post=35006"},{"taxonomy":"post_tag","embeddable":true,"href":"https:\/\/www.egemtv.com\/index.php?rest_route=%2Fwp%2Fv2%2Ftags&post=35006"}],"curies":[{"name":"wp","href":"https:\/\/api.w.org\/{rel}","templated":true}]}}