{"id":35003,"date":"2025-06-14T11:16:43","date_gmt":"2025-06-14T08:16:43","guid":{"rendered":"https:\/\/www.egemtv.com\/?p=35003"},"modified":"2025-06-14T11:16:49","modified_gmt":"2025-06-14T08:16:49","slug":"travers-fabrikasindan-250-bin-tllik-bakir-kablo-ve-malzeme-calan-5-kisi-tutuklandi","status":"publish","type":"post","link":"https:\/\/www.egemtv.com\/?p=35003","title":{"rendered":"Travers fabrikas\u0131ndan 250 bin TL\u2019lik bak\u0131r kablo ve malzeme \u00e7alan 5 ki\u015fi tutukland\u0131"},"content":{"rendered":"<p>Afyonkarahisar\u2019da TCDD\u2019ye ait travers fabrikas\u0131ndan 250 bin TL\u2019lik bak\u0131r tel ile elektrik malzemeleri \u00e7alarak satan 5 ki\u015fi polis taraf\u0131ndan yakalan\u0131rken, \u015fah\u0131slar\u0131n hepsi tutukland\u0131.<br \/>\n<br \/>Edinilen bilgilere g\u00f6re, TCDD\u2019ye ait travers fabrikas\u0131ndan 250 bin TL de\u011ferinde kablo, bak\u0131r tel, elektrik malzemesi ve elektrikli alet h\u0131rs\u0131zl\u0131\u011f\u0131 yap\u0131ld\u0131\u011f\u0131 ihbar y\u00fcz \u00fczerine \u0130l Emniyet M\u00fcd\u00fcrl\u00fc\u011f\u00fc Asayi\u015f \u015eube M\u00fcd\u00fcrl\u00fc\u011f\u00fc\u2019ne ba\u011fl\u0131 ekipler harekete ge\u00e7ti. Farkl\u0131 adreslere bask\u0131n d\u00fczenleyen ekipler h\u0131rs\u0131zl\u0131\u011f\u0131 ger\u00e7ekle\u015ftirdi\u011fi belirlenen 5 \u015f\u00fcpheliyi g\u00f6zalt\u0131na ald\u0131. \u015eah\u0131slar\u0131n adreslerinde yap\u0131lan aramalarda matkap ile beton k\u0131r\u0131c\u0131 aletler de ele ge\u00e7irildi. G\u00f6zalt\u0131na al\u0131nan \u015fah\u0131slar emniyetteki i\u015flemlerinin ard\u0131ndan sevk edildikleri mahkeme taraf\u0131ndan tutuklanarak cezaevine g\u00f6nderildi.<br \/>\n<br \/>\u00d6te yandan, \u015fah\u0131slar\u0131n \u00e7ald\u0131klar\u0131 bak\u0131r kablolar\u0131 satt\u0131klar\u0131 \u00f6\u011frenildi.<br \/><\/p>\n","protected":false},"excerpt":{"rendered":"<p>Afyonkarahisar\u2019da TCDD\u2019ye ait travers fabrikas\u0131ndan 250 bin TL\u2019lik bak\u0131r tel ile elektrik malzemeleri \u00e7alarak satan 5 ki\u015fi polis taraf\u0131ndan yakalan\u0131rken, \u015fah\u0131slar\u0131n hepsi tutukland\u0131. Edinilen bilgilere g\u00f6re, TCDD\u2019ye ait travers fabrikas\u0131ndan 250 bin TL de\u011ferinde kablo, bak\u0131r tel, elektrik malzemesi ve elektrikli alet h\u0131rs\u0131zl\u0131\u011f\u0131 yap\u0131ld\u0131\u011f\u0131 ihbar y\u00fcz \u00fczerine \u0130l Emniyet M\u00fcd\u00fcrl\u00fc\u011f\u00fc Asayi\u015f \u015eube M\u00fcd\u00fcrl\u00fc\u011f\u00fc\u2019ne ba\u011fl\u0131 ekipler&#8230;<\/p>\n","protected":false},"author":1,"featured_media":35004,"comment_status":"open","ping_status":"open","sticky":false,"template":"","format":"standard","meta":{"_crdt_document":"","footnotes":""},"categories":[5],"tags":[],"class_list":["post-35003","post","type-post","status-publish","format-standard","has-post-thumbnail","hentry","category-asayis"],"_links":{"self":[{"href":"https:\/\/www.egemtv.com\/index.php?rest_route=\/wp\/v2\/posts\/35003","targetHints":{"allow":["GET"]}}],"collection":[{"href":"https:\/\/www.egemtv.com\/index.php?rest_route=\/wp\/v2\/posts"}],"about":[{"href":"https:\/\/www.egemtv.com\/index.php?rest_route=\/wp\/v2\/types\/post"}],"author":[{"embeddable":true,"href":"https:\/\/www.egemtv.com\/index.php?rest_route=\/wp\/v2\/users\/1"}],"replies":[{"embeddable":true,"href":"https:\/\/www.egemtv.com\/index.php?rest_route=%2Fwp%2Fv2%2Fcomments&post=35003"}],"version-history":[{"count":1,"href":"https:\/\/www.egemtv.com\/index.php?rest_route=\/wp\/v2\/posts\/35003\/revisions"}],"predecessor-version":[{"id":35005,"href":"https:\/\/www.egemtv.com\/index.php?rest_route=\/wp\/v2\/posts\/35003\/revisions\/35005"}],"wp:featuredmedia":[{"embeddable":true,"href":"https:\/\/www.egemtv.com\/index.php?rest_route=\/wp\/v2\/media\/35004"}],"wp:attachment":[{"href":"https:\/\/www.egemtv.com\/index.php?rest_route=%2Fwp%2Fv2%2Fmedia&parent=35003"}],"wp:term":[{"taxonomy":"category","embeddable":true,"href":"https:\/\/www.egemtv.com\/index.php?rest_route=%2Fwp%2Fv2%2Fcategories&post=35003"},{"taxonomy":"post_tag","embeddable":true,"href":"https:\/\/www.egemtv.com\/index.php?rest_route=%2Fwp%2Fv2%2Ftags&post=35003"}],"curies":[{"name":"wp","href":"https:\/\/api.w.org\/{rel}","templated":true}]}}