{"id":35000,"date":"2025-06-14T10:56:45","date_gmt":"2025-06-14T07:56:45","guid":{"rendered":"https:\/\/www.egemtv.com\/?p=35000"},"modified":"2025-06-14T10:56:49","modified_gmt":"2025-06-14T07:56:49","slug":"huseyin-altinbas-kutahyaspor-baskanligina-adayligini-acikladi","status":"publish","type":"post","link":"https:\/\/www.egemtv.com\/?p=35000","title":{"rendered":"H\u00fcseyin Alt\u0131nba\u015f, K\u00fctahyaspor ba\u015fkanl\u0131\u011f\u0131na adayl\u0131\u011f\u0131n\u0131 a\u00e7\u0131klad\u0131"},"content":{"rendered":"<p>Alt\u0131nba\u015f Holding Y\u00f6netim Kurulu Ba\u015fkan Vekili H\u00fcseyin Alt\u0131nba\u015f, Belediye K\u00fctahyaspor Kul\u00fcp Ba\u015fkanl\u0131\u011f\u0131na aday oldu\u011funu a\u00e7\u0131klad\u0131.<br \/>\n<br \/>\u0130smi bir s\u00fcredir Belediye K\u00fctahyaspor ile an\u0131lan H\u00fcseyin Alt\u0131nba\u015f, K\u00fctahya\u2019ya gelerek bir dizi ziyaret ger\u00e7ekle\u015ftirdi. K\u00fctahya Valisi Musa I\u015f\u0131n ve Belediye Ba\u015fkan\u0131 Ey\u00fcp Kahveci ile g\u00f6r\u00fc\u015fen H\u00fcseyin Alt\u0131nba\u015f, yapt\u0131\u011f\u0131 a\u00e7\u0131klamada, Belediye K\u00fctahyaspor\u2019u daha profesyonel bir anlay\u0131\u015fla y\u00f6netmeye talip olduklar\u0131n\u0131 ifade etti. Alt\u0131nba\u015f, kamuoyuna y\u00f6nelik yapt\u0131\u011f\u0131 duyuruda \u015fu ifadeleri kulland\u0131:<br \/>\n<br \/>&#8220;K\u00fctahya\u2019ya g\u00f6n\u00fcl verenler, K\u00fctahyaspor\u2019un profesyonel bir ekip taraf\u0131ndan y\u00f6netilmesini mutlaka istiyordur. Bizi isteyen bu \u015fehri, Belediye K\u00fctahyaspor\u2019u daha profesyonel bir \u015fekilde y\u00f6netmeye aday\u0131z.&#8221;<br \/>\n<br \/>Adayl\u0131k a\u00e7\u0131klamas\u0131, K\u00fctahyaspor camias\u0131 ve \u015fehirdeki sporseverler taraf\u0131ndan b\u00fcy\u00fck ilgiyle kar\u015f\u0131lan\u0131rken Alt\u0131nba\u015f\u2019\u0131n ilerleyen g\u00fcnlerde projelerini ve y\u00f6netim vizyonunu kamuoyuyla payla\u015fmas\u0131 bekleniyor.<br \/>\n<br \/>TFF 3. lig tak\u0131mlar\u0131ndan Belediye K\u00fctahyaspor\u2019un ola\u011fan\u00fcst\u00fc kongresinin 16 Haziran g\u00fcn\u00fc ger\u00e7ekle\u015ftirilece\u011fi belirtildi.<br \/><\/p>\n","protected":false},"excerpt":{"rendered":"<p>Alt\u0131nba\u015f Holding Y\u00f6netim Kurulu Ba\u015fkan Vekili H\u00fcseyin Alt\u0131nba\u015f, Belediye K\u00fctahyaspor Kul\u00fcp Ba\u015fkanl\u0131\u011f\u0131na aday oldu\u011funu a\u00e7\u0131klad\u0131. \u0130smi bir s\u00fcredir Belediye K\u00fctahyaspor ile an\u0131lan H\u00fcseyin Alt\u0131nba\u015f, K\u00fctahya\u2019ya gelerek bir dizi ziyaret ger\u00e7ekle\u015ftirdi. K\u00fctahya Valisi Musa I\u015f\u0131n ve Belediye Ba\u015fkan\u0131 Ey\u00fcp Kahveci ile g\u00f6r\u00fc\u015fen H\u00fcseyin Alt\u0131nba\u015f, yapt\u0131\u011f\u0131 a\u00e7\u0131klamada, Belediye K\u00fctahyaspor\u2019u daha profesyonel bir anlay\u0131\u015fla y\u00f6netmeye talip olduklar\u0131n\u0131 ifade&#8230;<\/p>\n","protected":false},"author":1,"featured_media":35001,"comment_status":"open","ping_status":"open","sticky":false,"template":"","format":"standard","meta":{"_crdt_document":"","footnotes":""},"categories":[4],"tags":[],"class_list":["post-35000","post","type-post","status-publish","format-standard","has-post-thumbnail","hentry","category-spor"],"_links":{"self":[{"href":"https:\/\/www.egemtv.com\/index.php?rest_route=\/wp\/v2\/posts\/35000","targetHints":{"allow":["GET"]}}],"collection":[{"href":"https:\/\/www.egemtv.com\/index.php?rest_route=\/wp\/v2\/posts"}],"about":[{"href":"https:\/\/www.egemtv.com\/index.php?rest_route=\/wp\/v2\/types\/post"}],"author":[{"embeddable":true,"href":"https:\/\/www.egemtv.com\/index.php?rest_route=\/wp\/v2\/users\/1"}],"replies":[{"embeddable":true,"href":"https:\/\/www.egemtv.com\/index.php?rest_route=%2Fwp%2Fv2%2Fcomments&post=35000"}],"version-history":[{"count":1,"href":"https:\/\/www.egemtv.com\/index.php?rest_route=\/wp\/v2\/posts\/35000\/revisions"}],"predecessor-version":[{"id":35002,"href":"https:\/\/www.egemtv.com\/index.php?rest_route=\/wp\/v2\/posts\/35000\/revisions\/35002"}],"wp:featuredmedia":[{"embeddable":true,"href":"https:\/\/www.egemtv.com\/index.php?rest_route=\/wp\/v2\/media\/35001"}],"wp:attachment":[{"href":"https:\/\/www.egemtv.com\/index.php?rest_route=%2Fwp%2Fv2%2Fmedia&parent=35000"}],"wp:term":[{"taxonomy":"category","embeddable":true,"href":"https:\/\/www.egemtv.com\/index.php?rest_route=%2Fwp%2Fv2%2Fcategories&post=35000"},{"taxonomy":"post_tag","embeddable":true,"href":"https:\/\/www.egemtv.com\/index.php?rest_route=%2Fwp%2Fv2%2Ftags&post=35000"}],"curies":[{"name":"wp","href":"https:\/\/api.w.org\/{rel}","templated":true}]}}