{"id":34997,"date":"2025-06-14T10:56:40","date_gmt":"2025-06-14T07:56:40","guid":{"rendered":"https:\/\/www.egemtv.com\/?p=34997"},"modified":"2025-06-14T10:56:45","modified_gmt":"2025-06-14T07:56:45","slug":"vali-musa-isin-adem-projesi-kapsaminda-hazirlanan-el-emegi-urunler-sergisini-ziyaret-etti","status":"publish","type":"post","link":"https:\/\/www.egemtv.com\/?p=34997","title":{"rendered":"Vali Musa I\u015f\u0131n, ADEM projesi kapsam\u0131nda haz\u0131rlanan el eme\u011fi \u00fcr\u00fcnler sergisini ziyaret etti"},"content":{"rendered":"<p>K\u00fctahya Valili\u011fi koordinesinde, Aile ve Sosyal Hizmetler \u0130l M\u00fcd\u00fcrl\u00fc\u011f\u00fc ile Halk E\u011fitim Merkezi i\u015f birli\u011finde y\u00fcr\u00fct\u00fclen Aile Destek Merkezleri (ADEM) Projesi kapsam\u0131nda e\u011fitim alan kad\u0131nlar\u0131n el eme\u011fiyle haz\u0131rlad\u0131\u011f\u0131 \u00fcr\u00fcnler sergilendi.<br \/>\n<br \/>Vali Musa I\u015f\u0131n, d\u00fczenlenen sergiyi ziyaret ederek kad\u0131nlar\u0131n haz\u0131rlad\u0131\u011f\u0131 \u00fcr\u00fcnleri inceledi ve \u00e7al\u0131\u015fmalar hakk\u0131nda yetkililerden bilgi ald\u0131. Kad\u0131nlar\u0131n \u00fcretime kat\u0131lmas\u0131n\u0131n toplumsal kalk\u0131nmaya b\u00fcy\u00fck katk\u0131 sa\u011flad\u0131\u011f\u0131n\u0131 belirten Vali I\u015f\u0131n, ADEM\u2019lerde verilen e\u011fitimlerin kad\u0131nlar\u0131n hem sosyal hem de ekonomik hayatta daha g\u00fc\u00e7l\u00fc bir yer edinmelerine imk\u00e2n tan\u0131d\u0131\u011f\u0131n\u0131 ifade etti.<br \/>\n<br \/>Sergide eme\u011fi ge\u00e7en t\u00fcm kad\u0131nlara te\u015fekk\u00fcr eden Vali I\u015f\u0131n, &#8220;Kad\u0131nlar\u0131m\u0131z\u0131n mesleki beceriler kazanmas\u0131, \u00fcretime kat\u0131lmas\u0131 ve aile b\u00fct\u00e7elerine destek sunmalar\u0131 \u00e7ok k\u0131ymetlidir. Bu t\u00fcr projelerle kad\u0131nlar\u0131n hayat\u0131n her alan\u0131nda daha aktif ve \u00f6zg\u00fcvenli olmalar\u0131n\u0131 destekliyoruz. Devlet olarak her zaman yanlar\u0131nday\u0131z&#8221; dedi.<br \/>\n<br \/>Sergi, ziyaret\u00e7ilerden b\u00fcy\u00fck ilgi g\u00f6rd\u00fc.<br \/><\/p>\n","protected":false},"excerpt":{"rendered":"<p>K\u00fctahya Valili\u011fi koordinesinde, Aile ve Sosyal Hizmetler \u0130l M\u00fcd\u00fcrl\u00fc\u011f\u00fc ile Halk E\u011fitim Merkezi i\u015f birli\u011finde y\u00fcr\u00fct\u00fclen Aile Destek Merkezleri (ADEM) Projesi kapsam\u0131nda e\u011fitim alan kad\u0131nlar\u0131n el eme\u011fiyle haz\u0131rlad\u0131\u011f\u0131 \u00fcr\u00fcnler sergilendi. Vali Musa I\u015f\u0131n, d\u00fczenlenen sergiyi ziyaret ederek kad\u0131nlar\u0131n haz\u0131rlad\u0131\u011f\u0131 \u00fcr\u00fcnleri inceledi ve \u00e7al\u0131\u015fmalar hakk\u0131nda yetkililerden bilgi ald\u0131. Kad\u0131nlar\u0131n \u00fcretime kat\u0131lmas\u0131n\u0131n toplumsal kalk\u0131nmaya b\u00fcy\u00fck katk\u0131 sa\u011flad\u0131\u011f\u0131n\u0131&#8230;<\/p>\n","protected":false},"author":1,"featured_media":34998,"comment_status":"open","ping_status":"open","sticky":false,"template":"","format":"standard","meta":{"_crdt_document":"","footnotes":""},"categories":[1],"tags":[],"class_list":["post-34997","post","type-post","status-publish","format-standard","has-post-thumbnail","hentry","category-guncel"],"_links":{"self":[{"href":"https:\/\/www.egemtv.com\/index.php?rest_route=\/wp\/v2\/posts\/34997","targetHints":{"allow":["GET"]}}],"collection":[{"href":"https:\/\/www.egemtv.com\/index.php?rest_route=\/wp\/v2\/posts"}],"about":[{"href":"https:\/\/www.egemtv.com\/index.php?rest_route=\/wp\/v2\/types\/post"}],"author":[{"embeddable":true,"href":"https:\/\/www.egemtv.com\/index.php?rest_route=\/wp\/v2\/users\/1"}],"replies":[{"embeddable":true,"href":"https:\/\/www.egemtv.com\/index.php?rest_route=%2Fwp%2Fv2%2Fcomments&post=34997"}],"version-history":[{"count":1,"href":"https:\/\/www.egemtv.com\/index.php?rest_route=\/wp\/v2\/posts\/34997\/revisions"}],"predecessor-version":[{"id":34999,"href":"https:\/\/www.egemtv.com\/index.php?rest_route=\/wp\/v2\/posts\/34997\/revisions\/34999"}],"wp:featuredmedia":[{"embeddable":true,"href":"https:\/\/www.egemtv.com\/index.php?rest_route=\/wp\/v2\/media\/34998"}],"wp:attachment":[{"href":"https:\/\/www.egemtv.com\/index.php?rest_route=%2Fwp%2Fv2%2Fmedia&parent=34997"}],"wp:term":[{"taxonomy":"category","embeddable":true,"href":"https:\/\/www.egemtv.com\/index.php?rest_route=%2Fwp%2Fv2%2Fcategories&post=34997"},{"taxonomy":"post_tag","embeddable":true,"href":"https:\/\/www.egemtv.com\/index.php?rest_route=%2Fwp%2Fv2%2Ftags&post=34997"}],"curies":[{"name":"wp","href":"https:\/\/api.w.org\/{rel}","templated":true}]}}