{"id":34994,"date":"2025-06-14T10:56:36","date_gmt":"2025-06-14T07:56:36","guid":{"rendered":"https:\/\/www.egemtv.com\/?p=34994"},"modified":"2025-06-14T10:56:40","modified_gmt":"2025-06-14T07:56:40","slug":"baskan-eyup-kahveci-minik-sanatcilarin-ebru-sergisine-katildi","status":"publish","type":"post","link":"https:\/\/www.egemtv.com\/?p=34994","title":{"rendered":"Ba\u015fkan Ey\u00fcp Kahveci, minik sanat\u00e7\u0131lar\u0131n ebru sergisine kat\u0131ld\u0131"},"content":{"rendered":"<p>K\u00fctahya Belediye Ba\u015fkan\u0131 Ey\u00fcp Kahveci, Atakent \u0130lkokulu 3. s\u0131n\u0131f \u00f6\u011frencilerinin haz\u0131rlad\u0131\u011f\u0131 &#8220;Suda A\u00e7an K\u00fc\u00e7\u00fck Eller&#8221; isimli geleneksel T\u00fcrk ebru sanat\u0131 sergisinin a\u00e7\u0131l\u0131\u015f\u0131na kat\u0131ld\u0131.<br \/>\n<br \/>Al\u0131\u015fveri\u015f Merkezi\u2019nde sanatseverlerle bulu\u015fan sergi, minik sanat\u00e7\u0131lar\u0131n elinden \u00e7\u0131kan \u00f6zg\u00fcn ve renkli eserlerle b\u00fcy\u00fck be\u011feni toplad\u0131. K\u00fclt\u00fcrel miras\u0131n yeni nesillere aktar\u0131lmas\u0131n\u0131 ama\u00e7layan etkinlikte, \u00e7ocuklar\u0131n ebru sanat\u0131na kendi bak\u0131\u015f a\u00e7\u0131lar\u0131n\u0131 yans\u0131tt\u0131\u011f\u0131 \u00e7al\u0131\u015fmalar ziyaret\u00e7ilerin ilgisini \u00e7ekti. Kurdele kesimiyle a\u00e7\u0131l\u0131\u015f\u0131 yap\u0131lan sergide, \u00f6\u011frenciler ayr\u0131ca halk oyunlar\u0131 g\u00f6sterisi sunarak etkinli\u011fe renk katt\u0131. Program, hat\u0131ra foto\u011fraflar\u0131yla sona erdi.<br \/>\n<br \/>Belediye Ba\u015fkan\u0131 Ey\u00fcp Kahveci, \u00e7ocuklar\u0131n sanatla i\u00e7 i\u00e7e b\u00fcy\u00fcmesinin ve geleneksel de\u011ferlerin ya\u015fat\u0131lmas\u0131n\u0131n \u00f6nemine dikkat \u00e7ekerek, &#8220;Bu anlaml\u0131 sergide yer almaktan b\u00fcy\u00fck mutluluk duydum. K\u00fclt\u00fcrel miras\u0131m\u0131z\u0131 ya\u015fatmaya katk\u0131 sa\u011flayan t\u00fcm minik sanat\u00e7\u0131lar\u0131m\u0131za ve eme\u011fi ge\u00e7en \u00f6\u011fretmenlerimize te\u015fekk\u00fcr ediyorum&#8221; dedi.<br \/><\/p>\n","protected":false},"excerpt":{"rendered":"<p>K\u00fctahya Belediye Ba\u015fkan\u0131 Ey\u00fcp Kahveci, Atakent \u0130lkokulu 3. s\u0131n\u0131f \u00f6\u011frencilerinin haz\u0131rlad\u0131\u011f\u0131 &#8220;Suda A\u00e7an K\u00fc\u00e7\u00fck Eller&#8221; isimli geleneksel T\u00fcrk ebru sanat\u0131 sergisinin a\u00e7\u0131l\u0131\u015f\u0131na kat\u0131ld\u0131. Al\u0131\u015fveri\u015f Merkezi\u2019nde sanatseverlerle bulu\u015fan sergi, minik sanat\u00e7\u0131lar\u0131n elinden \u00e7\u0131kan \u00f6zg\u00fcn ve renkli eserlerle b\u00fcy\u00fck be\u011feni toplad\u0131. K\u00fclt\u00fcrel miras\u0131n yeni nesillere aktar\u0131lmas\u0131n\u0131 ama\u00e7layan etkinlikte, \u00e7ocuklar\u0131n ebru sanat\u0131na kendi bak\u0131\u015f a\u00e7\u0131lar\u0131n\u0131 yans\u0131tt\u0131\u011f\u0131 \u00e7al\u0131\u015fmalar ziyaret\u00e7ilerin&#8230;<\/p>\n","protected":false},"author":1,"featured_media":34995,"comment_status":"open","ping_status":"open","sticky":false,"template":"","format":"standard","meta":{"_crdt_document":"","footnotes":""},"categories":[123],"tags":[],"class_list":["post-34994","post","type-post","status-publish","format-standard","has-post-thumbnail","hentry","category-gundem"],"_links":{"self":[{"href":"https:\/\/www.egemtv.com\/index.php?rest_route=\/wp\/v2\/posts\/34994","targetHints":{"allow":["GET"]}}],"collection":[{"href":"https:\/\/www.egemtv.com\/index.php?rest_route=\/wp\/v2\/posts"}],"about":[{"href":"https:\/\/www.egemtv.com\/index.php?rest_route=\/wp\/v2\/types\/post"}],"author":[{"embeddable":true,"href":"https:\/\/www.egemtv.com\/index.php?rest_route=\/wp\/v2\/users\/1"}],"replies":[{"embeddable":true,"href":"https:\/\/www.egemtv.com\/index.php?rest_route=%2Fwp%2Fv2%2Fcomments&post=34994"}],"version-history":[{"count":1,"href":"https:\/\/www.egemtv.com\/index.php?rest_route=\/wp\/v2\/posts\/34994\/revisions"}],"predecessor-version":[{"id":34996,"href":"https:\/\/www.egemtv.com\/index.php?rest_route=\/wp\/v2\/posts\/34994\/revisions\/34996"}],"wp:featuredmedia":[{"embeddable":true,"href":"https:\/\/www.egemtv.com\/index.php?rest_route=\/wp\/v2\/media\/34995"}],"wp:attachment":[{"href":"https:\/\/www.egemtv.com\/index.php?rest_route=%2Fwp%2Fv2%2Fmedia&parent=34994"}],"wp:term":[{"taxonomy":"category","embeddable":true,"href":"https:\/\/www.egemtv.com\/index.php?rest_route=%2Fwp%2Fv2%2Fcategories&post=34994"},{"taxonomy":"post_tag","embeddable":true,"href":"https:\/\/www.egemtv.com\/index.php?rest_route=%2Fwp%2Fv2%2Ftags&post=34994"}],"curies":[{"name":"wp","href":"https:\/\/api.w.org\/{rel}","templated":true}]}}