{"id":34991,"date":"2025-06-14T10:37:07","date_gmt":"2025-06-14T07:37:07","guid":{"rendered":"https:\/\/www.egemtv.com\/?p=34991"},"modified":"2025-06-14T10:37:14","modified_gmt":"2025-06-14T07:37:14","slug":"otomobilin-carptigi-bisikletli-yasamini-yitirdi","status":"publish","type":"post","link":"https:\/\/www.egemtv.com\/?p=34991","title":{"rendered":"Otomobilin \u00e7arpt\u0131\u011f\u0131 bisikletli ya\u015fam\u0131n\u0131 yitirdi"},"content":{"rendered":"<p>Mente\u015fe G\u00fcla\u011fz\u0131 mevkiinde karayolu \u00fczerinde otomobilin \u00e7arpt\u0131\u011f\u0131 bisikletli vatanda\u015f ya\u015fam\u0131n\u0131 yitirdi.<br \/>\n<br \/>Gece saatlerinde 15 AIA 800 plakal\u0131 otomobil seyir halinde iken Mente\u015fe-Ula karayolu G\u00fcla\u011fz\u0131 mevkiinde bisikleti ile seyreden 20 ya\u015f\u0131ndaki Cavit Efe \u00c7etin\u2019i \u00e7arpt\u0131. Kaza sonras\u0131 112 Acil \u00c7a\u011fr\u0131 Merkezine bilgi verilmesi \u00fczerine b\u00f6lgeye trafik, jandarma ve 112 ambulans ekipleri sevk edildi.<br \/>\n<br \/>Kazada, \u00e7arpman\u0131n etkisi ile yola savrulan bisiklet s\u00fcr\u00fcc\u00fcs\u00fc olay yerinde ya\u015fam\u0131n\u0131 yitirdi. Kaza ile ilgili soru\u015fturma ba\u015flat\u0131ld\u0131<br \/><\/p>\n","protected":false},"excerpt":{"rendered":"<p>Mente\u015fe G\u00fcla\u011fz\u0131 mevkiinde karayolu \u00fczerinde otomobilin \u00e7arpt\u0131\u011f\u0131 bisikletli vatanda\u015f ya\u015fam\u0131n\u0131 yitirdi. Gece saatlerinde 15 AIA 800 plakal\u0131 otomobil seyir halinde iken Mente\u015fe-Ula karayolu G\u00fcla\u011fz\u0131 mevkiinde bisikleti ile seyreden 20 ya\u015f\u0131ndaki Cavit Efe \u00c7etin\u2019i \u00e7arpt\u0131. Kaza sonras\u0131 112 Acil \u00c7a\u011fr\u0131 Merkezine bilgi verilmesi \u00fczerine b\u00f6lgeye trafik, jandarma ve 112 ambulans ekipleri sevk edildi. Kazada, \u00e7arpman\u0131n etkisi&#8230;<\/p>\n","protected":false},"author":1,"featured_media":34992,"comment_status":"open","ping_status":"open","sticky":false,"template":"","format":"standard","meta":{"_crdt_document":"","footnotes":""},"categories":[5],"tags":[],"class_list":["post-34991","post","type-post","status-publish","format-standard","has-post-thumbnail","hentry","category-asayis"],"_links":{"self":[{"href":"https:\/\/www.egemtv.com\/index.php?rest_route=\/wp\/v2\/posts\/34991","targetHints":{"allow":["GET"]}}],"collection":[{"href":"https:\/\/www.egemtv.com\/index.php?rest_route=\/wp\/v2\/posts"}],"about":[{"href":"https:\/\/www.egemtv.com\/index.php?rest_route=\/wp\/v2\/types\/post"}],"author":[{"embeddable":true,"href":"https:\/\/www.egemtv.com\/index.php?rest_route=\/wp\/v2\/users\/1"}],"replies":[{"embeddable":true,"href":"https:\/\/www.egemtv.com\/index.php?rest_route=%2Fwp%2Fv2%2Fcomments&post=34991"}],"version-history":[{"count":1,"href":"https:\/\/www.egemtv.com\/index.php?rest_route=\/wp\/v2\/posts\/34991\/revisions"}],"predecessor-version":[{"id":34993,"href":"https:\/\/www.egemtv.com\/index.php?rest_route=\/wp\/v2\/posts\/34991\/revisions\/34993"}],"wp:featuredmedia":[{"embeddable":true,"href":"https:\/\/www.egemtv.com\/index.php?rest_route=\/wp\/v2\/media\/34992"}],"wp:attachment":[{"href":"https:\/\/www.egemtv.com\/index.php?rest_route=%2Fwp%2Fv2%2Fmedia&parent=34991"}],"wp:term":[{"taxonomy":"category","embeddable":true,"href":"https:\/\/www.egemtv.com\/index.php?rest_route=%2Fwp%2Fv2%2Fcategories&post=34991"},{"taxonomy":"post_tag","embeddable":true,"href":"https:\/\/www.egemtv.com\/index.php?rest_route=%2Fwp%2Fv2%2Ftags&post=34991"}],"curies":[{"name":"wp","href":"https:\/\/api.w.org\/{rel}","templated":true}]}}