{"id":34988,"date":"2025-06-14T10:37:02","date_gmt":"2025-06-14T07:37:02","guid":{"rendered":"https:\/\/www.egemtv.com\/?p=34988"},"modified":"2025-06-14T10:37:06","modified_gmt":"2025-06-14T07:37:06","slug":"efelerde-vatandaslar-isyan-etti-belediye-baskani-yetiskine-seslenen-vatandaslar-yol-istedi","status":"publish","type":"post","link":"https:\/\/www.egemtv.com\/?p=34988","title":{"rendered":"Efeler\u2019de vatanda\u015flar isyan etti, Belediye Ba\u015fkan\u0131 Yeti\u015fkin\u2019e seslenen vatanda\u015flar \u2019yol\u2019 istedi"},"content":{"rendered":"<p>Ayd\u0131n\u2019\u0131n Efeler il\u00e7esine ba\u011fl\u0131 Mimar Sinan Mahallesi 2417 Sokak sakinleri, yollar\u0131n\u0131n yap\u0131lmamas\u0131 nedeniyle toz toprak i\u00e7inde ya\u015famaya mahkum olduklar\u0131n\u0131 belirterek Efeler Belediyesi\u2019ne tepki g\u00f6sterdi. Mahallede yeni yap\u0131lan l\u00fcks villalara ra\u011fmen sokak zemininin hala toprak olmas\u0131, \u00e7evre sakinlerini ma\u011fdur ediyor.<\/p>\n<p>Yaz aylar\u0131n\u0131n gelmesiyle birlikte toz problemi daha da artt\u0131. Vatanda\u015flar kap\u0131lar\u0131n\u0131, pencerelerini a\u00e7amaz hale gelirken; ara\u00e7lar, bah\u00e7eler ve evlerin i\u00e7i bile tozla kapland\u0131. Sokakta ya\u015fayan bir\u00e7ok ki\u015fi, bu durumun hem ya\u015fam kalitesini d\u00fc\u015f\u00fcrd\u00fc\u011f\u00fcn\u00fc hem de sa\u011fl\u0131k a\u00e7\u0131s\u0131ndan risk olu\u015fturdu\u011funu ifade etti.<\/p>\n<p>Vatanda\u015flar Efeler Belediyesi\u2019ne \u00e7a\u011fr\u0131da bulundu<br \/>\n<br \/>Sokak sakini Ali Altun, ya\u015fad\u0131klar\u0131 ma\u011fduriyetin \u00e7ekilmez boyuta ula\u015ft\u0131\u011f\u0131n\u0131 belirterek; &#8220;Yoldan kalkan toz nedeniyle kap\u0131m\u0131z\u0131, penceremizi a\u00e7am\u0131yoruz. Evlerimizin i\u00e7ine kadar toz doluyor. Kap\u0131n\u0131n \u00f6n\u00fcn\u00fc her g\u00fcn s\u00fcp\u00fcrsek de olmuyor. Bir an \u00f6nce bu yolu yaparlarsa \u00e7ok memnun kal\u0131r\u0131z&#8221; dedi.<\/p>\n<p>Yakla\u015f\u0131k iki y\u0131ld\u0131r ayn\u0131 sokakta ikamet etti\u011fini belirten Yenal Altun ise, belediyeye defalarca ba\u015fvurmalar\u0131na ra\u011fmen bir sonu\u00e7 alamad\u0131klar\u0131n\u0131 ifade ederek, &#8220;\u0130ki y\u0131ld\u0131r yolumuz bu halde. Toz toprak i\u00e7indeyiz. Kap\u0131 pencere a\u00e7am\u0131yoruz. Ara\u00e7lar\u0131m\u0131z, bah\u00e7emiz s\u00fcrekli kirleniyor. Biz bu yolun yap\u0131lmas\u0131 i\u00e7in belediyeye yaz\u0131l\u0131 ve s\u00f6zl\u00fc olarak ba\u015fvuru yapt\u0131k ama hi\u00e7bir sonu\u00e7 alamad\u0131k. Belediyeden bu yolu en k\u0131sa s\u00fcrede yapmas\u0131n\u0131 istiyoruz. \u00c7\u00fcnk\u00fc bir ara\u00e7 ge\u00e7ti\u011finde tozlar kalk\u0131yor, her yer toz i\u00e7inde kal\u0131yor&#8221; diye konu\u015ftu.<\/p>\n<p>Sokakta bir \u015fantiyede bek\u00e7ilik yapan Ebedin G\u00fcldem ise daha b\u00fcy\u00fck bir tehlikeye dikkat \u00e7ekerek, &#8220;Yolun ortas\u0131nda r\u00f6gar kapa\u011f\u0131 k\u0131r\u0131k ve tehlike olu\u015fturuyor. Ara\u00e7lar\u0131n ve yayalar\u0131n buraya d\u00fc\u015fmemesi i\u00e7in kendi imkanlar\u0131m\u0131zla \u015ferit \u00e7ektik. Bu durum ciddiye al\u0131nmal\u0131&#8221; dedi.<br \/>\n<br \/>Vatanda\u015f belediyeden cevap bekliyor<\/p>\n<p>Mahalle sakini Vedat Arslan da tozdan ve yolun yap\u0131lmamas\u0131ndan \u015fikayet ederek, &#8220;Belediyeye ba\u015fvurduk ama hen\u00fcz bir sonu\u00e7 alamad\u0131k. Tozdan, topraktan kurtulmak istiyoruz. Bu yolun art\u0131k yap\u0131lmas\u0131 gerekiyor&#8221; diyerek Efeler Belediyesi\u2019nin bir an \u00f6nce sorunu \u00e7\u00f6zmesini beklediklerini s\u00f6yledi.<br \/><\/p>\n","protected":false},"excerpt":{"rendered":"<p>Ayd\u0131n\u2019\u0131n Efeler il\u00e7esine ba\u011fl\u0131 Mimar Sinan Mahallesi 2417 Sokak sakinleri, yollar\u0131n\u0131n yap\u0131lmamas\u0131 nedeniyle toz toprak i\u00e7inde ya\u015famaya mahkum olduklar\u0131n\u0131 belirterek Efeler Belediyesi\u2019ne tepki g\u00f6sterdi. Mahallede yeni yap\u0131lan l\u00fcks villalara ra\u011fmen sokak zemininin hala toprak olmas\u0131, \u00e7evre sakinlerini ma\u011fdur ediyor. Yaz aylar\u0131n\u0131n gelmesiyle birlikte toz problemi daha da artt\u0131. Vatanda\u015flar kap\u0131lar\u0131n\u0131, pencerelerini a\u00e7amaz hale gelirken; ara\u00e7lar,&#8230;<\/p>\n","protected":false},"author":1,"featured_media":34989,"comment_status":"open","ping_status":"open","sticky":false,"template":"","format":"standard","meta":{"_crdt_document":"","footnotes":""},"categories":[1],"tags":[],"class_list":["post-34988","post","type-post","status-publish","format-standard","has-post-thumbnail","hentry","category-guncel"],"_links":{"self":[{"href":"https:\/\/www.egemtv.com\/index.php?rest_route=\/wp\/v2\/posts\/34988","targetHints":{"allow":["GET"]}}],"collection":[{"href":"https:\/\/www.egemtv.com\/index.php?rest_route=\/wp\/v2\/posts"}],"about":[{"href":"https:\/\/www.egemtv.com\/index.php?rest_route=\/wp\/v2\/types\/post"}],"author":[{"embeddable":true,"href":"https:\/\/www.egemtv.com\/index.php?rest_route=\/wp\/v2\/users\/1"}],"replies":[{"embeddable":true,"href":"https:\/\/www.egemtv.com\/index.php?rest_route=%2Fwp%2Fv2%2Fcomments&post=34988"}],"version-history":[{"count":1,"href":"https:\/\/www.egemtv.com\/index.php?rest_route=\/wp\/v2\/posts\/34988\/revisions"}],"predecessor-version":[{"id":34990,"href":"https:\/\/www.egemtv.com\/index.php?rest_route=\/wp\/v2\/posts\/34988\/revisions\/34990"}],"wp:featuredmedia":[{"embeddable":true,"href":"https:\/\/www.egemtv.com\/index.php?rest_route=\/wp\/v2\/media\/34989"}],"wp:attachment":[{"href":"https:\/\/www.egemtv.com\/index.php?rest_route=%2Fwp%2Fv2%2Fmedia&parent=34988"}],"wp:term":[{"taxonomy":"category","embeddable":true,"href":"https:\/\/www.egemtv.com\/index.php?rest_route=%2Fwp%2Fv2%2Fcategories&post=34988"},{"taxonomy":"post_tag","embeddable":true,"href":"https:\/\/www.egemtv.com\/index.php?rest_route=%2Fwp%2Fv2%2Ftags&post=34988"}],"curies":[{"name":"wp","href":"https:\/\/api.w.org\/{rel}","templated":true}]}}