{"id":34985,"date":"2025-06-14T10:16:29","date_gmt":"2025-06-14T07:16:29","guid":{"rendered":"https:\/\/www.egemtv.com\/?p=34985"},"modified":"2025-06-14T10:16:34","modified_gmt":"2025-06-14T07:16:34","slug":"bozdoganda-siir-gecesi-begeni-topladi","status":"publish","type":"post","link":"https:\/\/www.egemtv.com\/?p=34985","title":{"rendered":"Bozdo\u011fan\u2019da \u015fiir gecesi be\u011feni toplad\u0131"},"content":{"rendered":"<p>Ayd\u0131n\u2019\u0131n Bozdo\u011fan il\u00e7esindeki \u0130smet Sezgin Mesleki ve Teknik Anadolu Lisesi taraf\u0131ndan \u2019Anne, \u00c7ocuk ve A\u015fk\u2019 temal\u0131 \u015fiir gecesi d\u00fczenlendi.<\/p>\n<p>Okulun \u00f6\u011fretmen ve \u00f6\u011frencilerinin sahne ald\u0131\u011f\u0131 programda, kat\u0131l\u0131mc\u0131lar duygu dolu anlar ya\u015fad\u0131. T\u00fcrk edebiyat\u0131n\u0131n se\u00e7kin eserlerinin ba\u015far\u0131yla seslendirildi\u011fi gecede izleyiciler adeta edebi bir yolculu\u011fa \u00e7\u0131kt\u0131. Program boyunca sahne alan \u00f6\u011fretmen ve \u00f6\u011frenciler, sergiledikleri performanslarla b\u00fcy\u00fck be\u011feni toplad\u0131. Programa; Bozdo\u011fan Kaymakam\u0131 Say\u0131n Yunus Emre Polat, Bozdo\u011fan Belediye Ba\u015fkan Vekili Harun Ya\u011fc\u0131o\u011flu, protokol \u00fcyeleri ve \u00e7ok say\u0131da vatanda\u015f kat\u0131ld\u0131.<br \/><\/p>\n","protected":false},"excerpt":{"rendered":"<p>Ayd\u0131n\u2019\u0131n Bozdo\u011fan il\u00e7esindeki \u0130smet Sezgin Mesleki ve Teknik Anadolu Lisesi taraf\u0131ndan \u2019Anne, \u00c7ocuk ve A\u015fk\u2019 temal\u0131 \u015fiir gecesi d\u00fczenlendi. Okulun \u00f6\u011fretmen ve \u00f6\u011frencilerinin sahne ald\u0131\u011f\u0131 programda, kat\u0131l\u0131mc\u0131lar duygu dolu anlar ya\u015fad\u0131. T\u00fcrk edebiyat\u0131n\u0131n se\u00e7kin eserlerinin ba\u015far\u0131yla seslendirildi\u011fi gecede izleyiciler adeta edebi bir yolculu\u011fa \u00e7\u0131kt\u0131. Program boyunca sahne alan \u00f6\u011fretmen ve \u00f6\u011frenciler, sergiledikleri performanslarla b\u00fcy\u00fck be\u011feni&#8230;<\/p>\n","protected":false},"author":1,"featured_media":34986,"comment_status":"open","ping_status":"open","sticky":false,"template":"","format":"standard","meta":{"_crdt_document":"","footnotes":""},"categories":[1],"tags":[],"class_list":["post-34985","post","type-post","status-publish","format-standard","has-post-thumbnail","hentry","category-guncel"],"_links":{"self":[{"href":"https:\/\/www.egemtv.com\/index.php?rest_route=\/wp\/v2\/posts\/34985","targetHints":{"allow":["GET"]}}],"collection":[{"href":"https:\/\/www.egemtv.com\/index.php?rest_route=\/wp\/v2\/posts"}],"about":[{"href":"https:\/\/www.egemtv.com\/index.php?rest_route=\/wp\/v2\/types\/post"}],"author":[{"embeddable":true,"href":"https:\/\/www.egemtv.com\/index.php?rest_route=\/wp\/v2\/users\/1"}],"replies":[{"embeddable":true,"href":"https:\/\/www.egemtv.com\/index.php?rest_route=%2Fwp%2Fv2%2Fcomments&post=34985"}],"version-history":[{"count":1,"href":"https:\/\/www.egemtv.com\/index.php?rest_route=\/wp\/v2\/posts\/34985\/revisions"}],"predecessor-version":[{"id":34987,"href":"https:\/\/www.egemtv.com\/index.php?rest_route=\/wp\/v2\/posts\/34985\/revisions\/34987"}],"wp:featuredmedia":[{"embeddable":true,"href":"https:\/\/www.egemtv.com\/index.php?rest_route=\/wp\/v2\/media\/34986"}],"wp:attachment":[{"href":"https:\/\/www.egemtv.com\/index.php?rest_route=%2Fwp%2Fv2%2Fmedia&parent=34985"}],"wp:term":[{"taxonomy":"category","embeddable":true,"href":"https:\/\/www.egemtv.com\/index.php?rest_route=%2Fwp%2Fv2%2Fcategories&post=34985"},{"taxonomy":"post_tag","embeddable":true,"href":"https:\/\/www.egemtv.com\/index.php?rest_route=%2Fwp%2Fv2%2Ftags&post=34985"}],"curies":[{"name":"wp","href":"https:\/\/api.w.org\/{rel}","templated":true}]}}