{"id":34982,"date":"2025-06-14T10:16:26","date_gmt":"2025-06-14T07:16:26","guid":{"rendered":"https:\/\/www.egemtv.com\/?p=34982"},"modified":"2025-06-14T10:16:29","modified_gmt":"2025-06-14T07:16:29","slug":"denizlide-bugday-hasadi-basladi","status":"publish","type":"post","link":"https:\/\/www.egemtv.com\/?p=34982","title":{"rendered":"Denizli\u2019de bu\u011fday hasad\u0131 ba\u015flad\u0131"},"content":{"rendered":"<p>DEN\u0130ZL\u0130 (\u0130HA) \u2013 Denizli\u2019de yeni sezonun ilk bu\u011fday hasad\u0131, Sarayk\u00f6y il\u00e7esine ba\u011fl\u0131 mahallelerde ger\u00e7ekle\u015ftirildi.<\/p>\n<p>Denizli\u2019de 2025 y\u0131l\u0131 \u00fcretim sezonunun bu\u011fday hasad\u0131, Sarayk\u00f6y il\u00e7esinden ba\u015flad\u0131. \u0130lk hasat, il\u00e7eye ba\u011fl\u0131 bu\u011fday \u00fcretiminin yo\u011fun olarak yap\u0131ld\u0131\u011f\u0131 Beylerbeyi ve Duac\u0131l\u0131 mahallelerinde ger\u00e7ekle\u015ftirildi. Hasada \u0130l Tar\u0131m ve Orman M\u00fcd\u00fcr\u00fc Vekili Mehmet Atmacao\u011flu, \u0130l M\u00fcd\u00fcr Yard\u0131mc\u0131s\u0131 Saffet \u00dcge, Sarayk\u00f6y \u0130l\u00e7e M\u00fcd\u00fcrl\u00fc\u011f\u00fc teknik personelleri ile birlikte \u00e7ok say\u0131da \u00fcretici kat\u0131ld\u0131.<\/p>\n<p>\u00dcreticilere bereketli bir hasat sezonu dileyen \u0130l M\u00fcd\u00fcr Vekili Mehmet Atmacao\u011flu, yapt\u0131\u011f\u0131 a\u00e7\u0131klamada; &#8220;\u0130nsan beslenmesinde temel ve \u00fclkemiz a\u00e7\u0131s\u0131ndan stratejik bir \u00fcr\u00fcn olan bu\u011fday\u0131n hasad\u0131na ilimiz Sarayk\u00f6y il\u00e7esinde ba\u015flam\u0131\u015f bulunuyoruz. \u00dcretim sezonunun ba\u015fta \u00fcreticilerimiz ve \u00fclkemiz i\u00e7in hay\u0131rl\u0131 ve bereketli olmas\u0131n\u0131 dilerim&#8221; dedi.<br \/><\/p>\n","protected":false},"excerpt":{"rendered":"<p>DEN\u0130ZL\u0130 (\u0130HA) \u2013 Denizli\u2019de yeni sezonun ilk bu\u011fday hasad\u0131, Sarayk\u00f6y il\u00e7esine ba\u011fl\u0131 mahallelerde ger\u00e7ekle\u015ftirildi. Denizli\u2019de 2025 y\u0131l\u0131 \u00fcretim sezonunun bu\u011fday hasad\u0131, Sarayk\u00f6y il\u00e7esinden ba\u015flad\u0131. \u0130lk hasat, il\u00e7eye ba\u011fl\u0131 bu\u011fday \u00fcretiminin yo\u011fun olarak yap\u0131ld\u0131\u011f\u0131 Beylerbeyi ve Duac\u0131l\u0131 mahallelerinde ger\u00e7ekle\u015ftirildi. Hasada \u0130l Tar\u0131m ve Orman M\u00fcd\u00fcr\u00fc Vekili Mehmet Atmacao\u011flu, \u0130l M\u00fcd\u00fcr Yard\u0131mc\u0131s\u0131 Saffet \u00dcge, Sarayk\u00f6y \u0130l\u00e7e M\u00fcd\u00fcrl\u00fc\u011f\u00fc&#8230;<\/p>\n","protected":false},"author":1,"featured_media":34983,"comment_status":"open","ping_status":"open","sticky":false,"template":"","format":"standard","meta":{"_crdt_document":"","footnotes":""},"categories":[125],"tags":[],"class_list":["post-34982","post","type-post","status-publish","format-standard","has-post-thumbnail","hentry","category-ekonomi"],"_links":{"self":[{"href":"https:\/\/www.egemtv.com\/index.php?rest_route=\/wp\/v2\/posts\/34982","targetHints":{"allow":["GET"]}}],"collection":[{"href":"https:\/\/www.egemtv.com\/index.php?rest_route=\/wp\/v2\/posts"}],"about":[{"href":"https:\/\/www.egemtv.com\/index.php?rest_route=\/wp\/v2\/types\/post"}],"author":[{"embeddable":true,"href":"https:\/\/www.egemtv.com\/index.php?rest_route=\/wp\/v2\/users\/1"}],"replies":[{"embeddable":true,"href":"https:\/\/www.egemtv.com\/index.php?rest_route=%2Fwp%2Fv2%2Fcomments&post=34982"}],"version-history":[{"count":1,"href":"https:\/\/www.egemtv.com\/index.php?rest_route=\/wp\/v2\/posts\/34982\/revisions"}],"predecessor-version":[{"id":34984,"href":"https:\/\/www.egemtv.com\/index.php?rest_route=\/wp\/v2\/posts\/34982\/revisions\/34984"}],"wp:featuredmedia":[{"embeddable":true,"href":"https:\/\/www.egemtv.com\/index.php?rest_route=\/wp\/v2\/media\/34983"}],"wp:attachment":[{"href":"https:\/\/www.egemtv.com\/index.php?rest_route=%2Fwp%2Fv2%2Fmedia&parent=34982"}],"wp:term":[{"taxonomy":"category","embeddable":true,"href":"https:\/\/www.egemtv.com\/index.php?rest_route=%2Fwp%2Fv2%2Fcategories&post=34982"},{"taxonomy":"post_tag","embeddable":true,"href":"https:\/\/www.egemtv.com\/index.php?rest_route=%2Fwp%2Fv2%2Ftags&post=34982"}],"curies":[{"name":"wp","href":"https:\/\/api.w.org\/{rel}","templated":true}]}}