{"id":34979,"date":"2025-06-14T10:16:21","date_gmt":"2025-06-14T07:16:21","guid":{"rendered":"https:\/\/www.egemtv.com\/?p=34979"},"modified":"2025-06-14T10:16:26","modified_gmt":"2025-06-14T07:16:26","slug":"nazillide-kaliteli-incir-icin-kaliteli-ilek-denetimleri-suruyor","status":"publish","type":"post","link":"https:\/\/www.egemtv.com\/?p=34979","title":{"rendered":"Nazilli\u2019de kaliteli incir i\u00e7in kaliteli ilek denetimleri s\u00fcr\u00fcyor"},"content":{"rendered":"<p>Ayd\u0131n\u2019\u0131n Nazilli il\u00e7esinde, incir \u00fcretiminin en kritik a\u015famalar\u0131ndan biri olan ilekleme sezonu ba\u015flad\u0131. Sezonun ba\u015flamas\u0131 ile kaliteli incir \u00fcretiminin temel ta\u015f\u0131 olan ilekler de yetkililerce denetlendi.<\/p>\n<p>\u0130ncir \u00fcretiminin temel ta\u015f\u0131 olan ilekleme sezonunun ba\u015flamas\u0131yla birlikte b\u00f6lgede kurulan ilek pazarlar\u0131, yetkililer taraf\u0131ndan yerinde denetlenmeye devam ediyor. Nazilli Kaymakam\u0131 Huriye K\u00fcpeli Kan, Ayd\u0131n \u0130l Tar\u0131m ve Orman M\u00fcd\u00fcr\u00fc \u0130brahim Alt\u0131nta\u015f, \u015eube M\u00fcd\u00fcrleri, Nazilli \u0130l\u00e7e Tar\u0131m M\u00fcd\u00fcr\u00fc Sunay G\u00fcler, Erbeyli \u0130ncir Ara\u015ft\u0131rma Enstit\u00fcs\u00fc M\u00fcd\u00fcr\u00fc Mehmet \u00d6zkul ve Ziraat Odas\u0131 Ba\u015fkan\u0131 Yahya Anl\u0131ak\u2019\u0131n kat\u0131l\u0131m\u0131yla ger\u00e7ekle\u015fen denetimlerde do\u011fal ve kaliteli \u00fcretim vurgusu yap\u0131ld\u0131.<\/p>\n<p>&#8220;Kaliteli incirin \u00e7\u0131kmas\u0131 i\u00e7in ilekleme, yani tozla\u015fma \u00f6nemli&#8221;<br \/>\n<br \/>Nazilli Ziraat Odas\u0131 Ba\u015fkan\u0131 Yahya Anl\u0131ak, &#8220;2025 ilekleme sezonu haziran\u0131n ilk haftalar\u0131nda ba\u015flam\u0131\u015f oldu. En kaliteli incir Ayd\u0131n\u2019da \u00e7\u0131kar. Kaliteli incirin \u00e7\u0131kmas\u0131 i\u00e7in de ileklemenin, yani tozla\u015fman\u0131n \u00f6nemi \u00e7oktur. Bu y\u00fczden de bug\u00fcn Nazilli pazar\u0131nda kaymakaml\u0131\u011f\u0131m\u0131z, tar\u0131m il m\u00fcd\u00fcrl\u00fc\u011f\u00fc, incir ara\u015ft\u0131rma enstit\u00fcs\u00fc ile beraber kaliteli ilek denetlemeleri var. Tabi kaliteli tozla\u015fma, kaliteli incir demek. Fiyatlar\u0131m\u0131z bu y\u0131l biraz y\u00fcksekten ba\u015flad\u0131. Bin-bin 200\u2019lere de \u00e7\u0131km\u0131\u015f olsa da bug\u00fcnlerde 500-700\u2019ler aras\u0131nda gayet iyi paralara al\u0131c\u0131 bulmakta. \u0130leklemeyi d\u00fczg\u00fcn yaparsak Ayd\u0131n\u0131m\u0131z\u0131n kaliteli \u00fcr\u00fcnleri daha da kaliteli duruma gelecektir. \u00dcreticilerimizin bu konuda hassas olmalar\u0131n\u0131, kaliteli \u00fcr\u00fcn kullanmalar\u0131n\u0131 talep ve tavsiye ediyoruz. Zaten bu sebeple de tar\u0131m il m\u00fcd\u00fcrl\u00fc\u011f\u00fcm\u00fcz, incir ara\u015ft\u0131rma enstit\u00fcm\u00fcz, kaymakaml\u0131\u011f\u0131m\u0131z, tar\u0131m il\u00e7e m\u00fcd\u00fcrl\u00fc\u011f\u00fcm\u00fcz, bizler ziraat odas\u0131 ba\u015fkanl\u0131\u011f\u0131 olarak pazarday\u0131z. \u00c7ift\u00e7ilerimize kaliteli \u00fcr\u00fcn yapmalar\u0131nda destek oluyoruz&#8221; dedi.<\/p>\n<p>&#8220;Fiyatlar bin 300\u2019lerden d\u00fc\u015ft\u00fc&#8221;<br \/>\n<br \/>\u00c7ocuklu\u011fundan bu yana ilek ticareti yapt\u0131\u011f\u0131n\u0131 ifade eden t\u00fcccar Sezai Dereli: &#8220;Bu sene pazar\u0131m\u0131z \u00e7ok iyi. Mal\u0131m\u0131z biraz noksan o y\u00fczden fiyatlar\u0131m\u0131z y\u00fcksek. Bin 200- bin 300\u2019e kadar \u00e7\u0131kt\u0131 fiyatlar. \u015eu an 900. \u015eu an y\u00fckseliyor. Biraz daha d\u00fc\u015febilir. Pazar herg\u00fcn de\u011fi\u015febilir ve borsa gibi bu. Sabah bakm\u0131\u015fs\u0131n ayr\u0131, bir saat sonra bakm\u0131\u015fs\u0131n ayr\u0131. Yani borsa gibi fiyat s\u00fcrekli de\u011fi\u015fiyor. D\u0131\u015far\u0131dan \u015fimdi bir s\u00fcr\u00fc korsan ilek geliyor. Onlar\u0131 maddi g\u00fcc\u00fc olmayan insanlar al\u0131p atmaya \u00e7al\u0131\u015f\u0131yor. Oradan da s\u0131k\u0131nt\u0131 olabilir bah\u00e7elerde. Vatanda\u015f\u0131m\u0131z i\u00e7in hay\u0131rl\u0131s\u0131 olsun in\u015fallah&#8221; diye konu\u015ftu.<\/p>\n<p>&#8220;Kimyasal \u00fcr\u00fcn kullan\u0131lm\u0131yor&#8221;<br \/>\n<br \/>Denetimler s\u0131ras\u0131nda a\u00e7\u0131klamalarda bulunan Nazilli Kaymakam\u0131 Huriye K\u00fcpeli Kan, &#8220;Nazilli\u2019nin \u00f6zg\u00fcn \u00fcr\u00fcnlerinden olan ilek pazar\u0131n\u0131 gezdik. \u00dcreticiler ve kullan\u0131c\u0131larla sohbet ettik. \u0130ncir \u00fcretiminde kimyasal kullan\u0131lmamas\u0131 bu \u00fcr\u00fcn\u00fcn ne kadar do\u011fal oldu\u011funu g\u00f6steriyor. Nazilli\u2019de yeti\u015ftirilen incirde kesinlikle bir ila\u00e7lama yok. Kimyasal \u00fcr\u00fcn kullan\u0131lm\u0131yor. Bu da do\u011fal olarak yeti\u015fmesinin sebeplerinden bir tanesi bu ilek&#8221; dedi.<\/p>\n<p>&#8220;D\u00fcnyada e\u015fi benzeri yok&#8221;<br \/>\n<br \/>\u0130lek meyvesinin incir \u00fcretimindeki rol\u00fcn\u00fc anlatan Erbeyli \u0130ncir Ara\u015ft\u0131rma Enstit\u00fcs\u00fc M\u00fcd\u00fcr\u00fc Mehmet \u00d6zkul, &#8220;Haziran ay\u0131yla birlikte ilek meyvesi ortaya \u00e7\u0131kar. Bu meyve incirde tozla\u015fmay\u0131 sa\u011flad\u0131\u011f\u0131 i\u00e7in olmazsa olmaz bir rol \u00fcstlenir. \u0130ncir d\u0131\u015f\u0131nda d\u00fcnyada ba\u015fka hi\u00e7bir meyvede bu y\u00f6ntem kullan\u0131lmaz. Bu meyvenin d\u00fcnyada e\u015fi benzeri yok&#8221; ifadelerini kulland\u0131.<\/p>\n<p>&#8220;Katma de\u011ferli bir \u00fcr\u00fcn&#8221;<br \/>\n<br \/>Ayd\u0131n \u0130l Tar\u0131m ve Orman M\u00fcd\u00fcr\u00fc \u0130brahim Alt\u0131nta\u015f da Nazilli\u2019nin, Ayd\u0131n\u2019daki incir \u00fcretiminin y\u00fczde 40\u2019\u0131n\u0131 kar\u015f\u0131lad\u0131\u011f\u0131n\u0131 ifade ederek; &#8220;Bildi\u011finiz gibi T\u00fcrkiye\u2019nin en \u00f6nemli incir \u00fcreticisi Ayd\u0131n, Ayd\u0131n\u2019da da yine il\u00e7eler baz\u0131nda y\u00fczde 40\u2019\u0131n\u0131 \u00fcreten Nazilli. Ya\u015f incir olarak d\u00fc\u015f\u00fcn\u00fcrsek 209-210 bin ton civar\u0131nda \u00fcretimimiz var. Ve bunun da yakla\u015f\u0131k 40-45 bin tonunu da kuru incir olarak ihra\u00e7 ediyoruz. Bizim i\u00e7in \u00f6nemli bir meyve. Katma de\u011ferli bir \u00fcr\u00fcn. Ve bu \u00f6nemli meyvenin \u015fu an ba\u015flang\u0131c\u0131nday\u0131z. Say\u0131n valimizin tebli\u011fi ile art\u0131k burada kontrolleri s\u0131kla\u015ft\u0131raraktan incirin \u00e7ok g\u00fczel bir \u015fekilde elimize gelmesini, olu\u015fmas\u0131n\u0131 sa\u011flamaya gayret ediyoruz. Bunlar\u0131n kontrol\u00fcn\u00fc sadece Nazilli\u2019de de\u011fil, b\u00fct\u00fcn il\u00e7e m\u00fcd\u00fcrl\u00fc\u011f\u00fcndeki arkada\u015flar\u0131m\u0131z bu kontrolleri yaparaktan \u00fcreticimizin sa\u011fl\u0131kl\u0131 ilek almas\u0131n\u0131 ve sonras\u0131nda da sa\u011fl\u0131kl\u0131 ilek olaraktan sa\u011fl\u0131kl\u0131 incir, kaliteli incir \u00fcretmesini sa\u011flamas\u0131na yard\u0131mc\u0131 oluyoruz. Bu s\u00fcre\u00e7te denetim ve bilin\u00e7lendirme faaliyetlerini art\u0131rarak kaliteli ve sa\u011fl\u0131kl\u0131 \u00fcr\u00fcnler elde etmeyi hedefliyoruz&#8221; dedi.<\/p>\n<p>Bilgilendirme toplant\u0131s\u0131 yap\u0131ld\u0131<br \/>\n<br \/>Denetimlerin ard\u0131ndan \u00fcreticilerin daha bilin\u00e7li \u00fcretim yapmas\u0131n\u0131 sa\u011flamak amac\u0131yla bilgilendirme toplant\u0131s\u0131 ger\u00e7ekle\u015ftirildi. Toplant\u0131da, ileklemede dikkat edilmesi gerekenler, hastal\u0131klar, zararl\u0131lar ve kalite standartlar\u0131 hakk\u0131nda uzmanlar taraf\u0131ndan detayl\u0131 bilgiler verildi.<br \/><\/p>\n","protected":false},"excerpt":{"rendered":"<p>Ayd\u0131n\u2019\u0131n Nazilli il\u00e7esinde, incir \u00fcretiminin en kritik a\u015famalar\u0131ndan biri olan ilekleme sezonu ba\u015flad\u0131. Sezonun ba\u015flamas\u0131 ile kaliteli incir \u00fcretiminin temel ta\u015f\u0131 olan ilekler de yetkililerce denetlendi. \u0130ncir \u00fcretiminin temel ta\u015f\u0131 olan ilekleme sezonunun ba\u015flamas\u0131yla birlikte b\u00f6lgede kurulan ilek pazarlar\u0131, yetkililer taraf\u0131ndan yerinde denetlenmeye devam ediyor. Nazilli Kaymakam\u0131 Huriye K\u00fcpeli Kan, Ayd\u0131n \u0130l Tar\u0131m ve Orman&#8230;<\/p>\n","protected":false},"author":1,"featured_media":34980,"comment_status":"open","ping_status":"open","sticky":false,"template":"","format":"standard","meta":{"_crdt_document":"","footnotes":""},"categories":[125],"tags":[],"class_list":["post-34979","post","type-post","status-publish","format-standard","has-post-thumbnail","hentry","category-ekonomi"],"_links":{"self":[{"href":"https:\/\/www.egemtv.com\/index.php?rest_route=\/wp\/v2\/posts\/34979","targetHints":{"allow":["GET"]}}],"collection":[{"href":"https:\/\/www.egemtv.com\/index.php?rest_route=\/wp\/v2\/posts"}],"about":[{"href":"https:\/\/www.egemtv.com\/index.php?rest_route=\/wp\/v2\/types\/post"}],"author":[{"embeddable":true,"href":"https:\/\/www.egemtv.com\/index.php?rest_route=\/wp\/v2\/users\/1"}],"replies":[{"embeddable":true,"href":"https:\/\/www.egemtv.com\/index.php?rest_route=%2Fwp%2Fv2%2Fcomments&post=34979"}],"version-history":[{"count":1,"href":"https:\/\/www.egemtv.com\/index.php?rest_route=\/wp\/v2\/posts\/34979\/revisions"}],"predecessor-version":[{"id":34981,"href":"https:\/\/www.egemtv.com\/index.php?rest_route=\/wp\/v2\/posts\/34979\/revisions\/34981"}],"wp:featuredmedia":[{"embeddable":true,"href":"https:\/\/www.egemtv.com\/index.php?rest_route=\/wp\/v2\/media\/34980"}],"wp:attachment":[{"href":"https:\/\/www.egemtv.com\/index.php?rest_route=%2Fwp%2Fv2%2Fmedia&parent=34979"}],"wp:term":[{"taxonomy":"category","embeddable":true,"href":"https:\/\/www.egemtv.com\/index.php?rest_route=%2Fwp%2Fv2%2Fcategories&post=34979"},{"taxonomy":"post_tag","embeddable":true,"href":"https:\/\/www.egemtv.com\/index.php?rest_route=%2Fwp%2Fv2%2Ftags&post=34979"}],"curies":[{"name":"wp","href":"https:\/\/api.w.org\/{rel}","templated":true}]}}