{"id":34952,"date":"2025-06-13T23:16:31","date_gmt":"2025-06-13T20:16:31","guid":{"rendered":"https:\/\/www.egemtv.com\/?p=34952"},"modified":"2025-06-13T23:16:34","modified_gmt":"2025-06-13T20:16:34","slug":"kutahyada-bir-bilenle-bilge-nesil-yarismasinin-odulleri-sahiplerini-buldu","status":"publish","type":"post","link":"https:\/\/www.egemtv.com\/?p=34952","title":{"rendered":"K\u00fctahya\u2019da &#8220;Bir Bilenle Bilge Nesil&#8221; yar\u0131\u015fmas\u0131n\u0131n \u00f6d\u00fclleri sahiplerini buldu"},"content":{"rendered":"<p>E\u011fitim-Bir-Sen K\u00fctahya 1 No\u2019lu \u015eube ile Gen\u00e7 Memur-Sen K\u00fctahya \u0130l Temsilcili\u011fi i\u015f birli\u011finde d\u00fczenlenen &#8220;Bir Bilenle Bilge Nesil&#8221; kitap okuma ve kompozisyon yar\u0131\u015fmas\u0131n\u0131n \u00f6d\u00fcl t\u00f6reni ger\u00e7ekle\u015ftirildi.<br \/>\n<br \/>K\u00fctahya genelinde orta\u00f6\u011fretim \u00f6\u011frencilerine y\u00f6nelik olarak organize edilen yar\u0131\u015fman\u0131n finali ve \u00f6d\u00fcl t\u00f6reni, \u0130l Milli E\u011fitim M\u00fcd\u00fcrl\u00fc\u011f\u00fc Beylerbeyi Salonu\u2019nda yap\u0131ld\u0131. Gen\u00e7lerin kitap okuma al\u0131\u015fkanl\u0131\u011f\u0131 kazanmas\u0131 ve d\u00fc\u015f\u00fcnce d\u00fcnyalar\u0131n\u0131 geli\u015ftirmesi amac\u0131yla d\u00fczenlenen etkinlik, b\u00fcy\u00fck be\u011feni toplad\u0131.<br \/>\n<br \/>T\u00f6rene, E\u011fitim-Bir-Sen Genel Ba\u015fkan Yard\u0131mc\u0131s\u0131 Abd\u00fclaziz Ayd\u0131n, E\u011fitim-Bir-Sen \u015eube Ba\u015fkan\u0131 Fatih K\u00f6se, AK Parti K\u00fctahya \u0130l Genel Meclisi \u00dcyesi Muhterem K\u0131l\u0131\u00e7, E\u011fitim-Bir-Sen Afyonkarahisar \u015eube Ba\u015fkan\u0131 Mustafa Arslan, AK Parti Kad\u0131n Kollar\u0131 Ba\u015fkan\u0131 Sevde Nur Karabacak \u00c7ak\u0131c\u0131, AK Parti \u0130l Ba\u015fkan Yard\u0131mc\u0131s\u0131 Tunahan \u00c7am, \u0130l Milli E\u011fitim M\u00fcd\u00fcr\u00fc Mustafa Y\u0131lmaz, \u0130l M\u00fcft\u00fcs\u00fc Dr. \u0130rfan A\u00e7\u0131k, SGK \u0130l M\u00fcd\u00fcr\u00fc \u0130smail Sayar, \u00f6nceki d\u00f6nem \u0130l Milli E\u011fitim M\u00fcd\u00fcr\u00fc Hasan Ba\u015fyi\u011fit, Fatih Ortaokulu M\u00fcd\u00fcr\u00fc Serdar Okur, \u00f6nceki d\u00f6nem \u015eube Ba\u015fkan\u0131 Kamil U\u00e7an ve \u00e7ok say\u0131da kurum temsilcisi ile e\u011fitim \u00e7al\u0131\u015fan\u0131 kat\u0131ld\u0131.<br \/>\n<br \/>\u00d6\u011frencilerin ba\u015far\u0131lar\u0131n\u0131n \u00f6d\u00fcllendirildi\u011fi programda, dereceye giren \u00f6\u011frencilere \u00e7e\u015fitli hediyeler takdim edildi. T\u00f6rende yap\u0131lan konu\u015fmalarda kitap okuma al\u0131\u015fkanl\u0131\u011f\u0131n\u0131n \u00f6nemine vurgu yap\u0131l\u0131rken, bu t\u00fcr projelerin gen\u00e7lerin geli\u015fiminde oynad\u0131\u011f\u0131 rol \u00f6ne \u00e7\u0131kar\u0131ld\u0131.<br \/>\n<br \/>Program, hat\u0131ra foto\u011fraflar\u0131n\u0131n \u00e7ekilmesiyle sona erdi.<br \/><\/p>\n","protected":false},"excerpt":{"rendered":"<p>E\u011fitim-Bir-Sen K\u00fctahya 1 No\u2019lu \u015eube ile Gen\u00e7 Memur-Sen K\u00fctahya \u0130l Temsilcili\u011fi i\u015f birli\u011finde d\u00fczenlenen &#8220;Bir Bilenle Bilge Nesil&#8221; kitap okuma ve kompozisyon yar\u0131\u015fmas\u0131n\u0131n \u00f6d\u00fcl t\u00f6reni ger\u00e7ekle\u015ftirildi. K\u00fctahya genelinde orta\u00f6\u011fretim \u00f6\u011frencilerine y\u00f6nelik olarak organize edilen yar\u0131\u015fman\u0131n finali ve \u00f6d\u00fcl t\u00f6reni, \u0130l Milli E\u011fitim M\u00fcd\u00fcrl\u00fc\u011f\u00fc Beylerbeyi Salonu\u2019nda yap\u0131ld\u0131. Gen\u00e7lerin kitap okuma al\u0131\u015fkanl\u0131\u011f\u0131 kazanmas\u0131 ve d\u00fc\u015f\u00fcnce d\u00fcnyalar\u0131n\u0131 geli\u015ftirmesi&#8230;<\/p>\n","protected":false},"author":1,"featured_media":34953,"comment_status":"open","ping_status":"open","sticky":false,"template":"","format":"standard","meta":{"_crdt_document":"","footnotes":""},"categories":[123],"tags":[],"class_list":["post-34952","post","type-post","status-publish","format-standard","has-post-thumbnail","hentry","category-gundem"],"_links":{"self":[{"href":"https:\/\/www.egemtv.com\/index.php?rest_route=\/wp\/v2\/posts\/34952","targetHints":{"allow":["GET"]}}],"collection":[{"href":"https:\/\/www.egemtv.com\/index.php?rest_route=\/wp\/v2\/posts"}],"about":[{"href":"https:\/\/www.egemtv.com\/index.php?rest_route=\/wp\/v2\/types\/post"}],"author":[{"embeddable":true,"href":"https:\/\/www.egemtv.com\/index.php?rest_route=\/wp\/v2\/users\/1"}],"replies":[{"embeddable":true,"href":"https:\/\/www.egemtv.com\/index.php?rest_route=%2Fwp%2Fv2%2Fcomments&post=34952"}],"version-history":[{"count":1,"href":"https:\/\/www.egemtv.com\/index.php?rest_route=\/wp\/v2\/posts\/34952\/revisions"}],"predecessor-version":[{"id":34954,"href":"https:\/\/www.egemtv.com\/index.php?rest_route=\/wp\/v2\/posts\/34952\/revisions\/34954"}],"wp:featuredmedia":[{"embeddable":true,"href":"https:\/\/www.egemtv.com\/index.php?rest_route=\/wp\/v2\/media\/34953"}],"wp:attachment":[{"href":"https:\/\/www.egemtv.com\/index.php?rest_route=%2Fwp%2Fv2%2Fmedia&parent=34952"}],"wp:term":[{"taxonomy":"category","embeddable":true,"href":"https:\/\/www.egemtv.com\/index.php?rest_route=%2Fwp%2Fv2%2Fcategories&post=34952"},{"taxonomy":"post_tag","embeddable":true,"href":"https:\/\/www.egemtv.com\/index.php?rest_route=%2Fwp%2Fv2%2Ftags&post=34952"}],"curies":[{"name":"wp","href":"https:\/\/api.w.org\/{rel}","templated":true}]}}