{"id":34946,"date":"2025-06-13T23:16:24","date_gmt":"2025-06-13T20:16:24","guid":{"rendered":"https:\/\/www.egemtv.com\/?p=34946"},"modified":"2025-06-13T23:16:26","modified_gmt":"2025-06-13T20:16:26","slug":"tavsanlida-trafik-kazasi-2-yarali-2","status":"publish","type":"post","link":"https:\/\/www.egemtv.com\/?p=34946","title":{"rendered":"Tav\u015fanl\u0131\u2019da trafik kazas\u0131: 2 yaral\u0131"},"content":{"rendered":"<p>K\u00fctahya\u2019n\u0131n Tav\u015fanl\u0131 il\u00e7esinde iki otomobilin \u00e7arp\u0131\u015fmas\u0131 sonucu meydana gelen trafik kazas\u0131nda 2 ki\u015fi yaraland\u0131.<br \/>\n<br \/>Edinilen bilgiye g\u00f6re, Tav\u015fanl\u0131 Ulucami Mahallesi\u2019nde, \u0130smail D. y\u00f6netimindeki 43 RD 959 plakal\u0131 otomobil, Yukar\u0131 \u00c7imen Caddesi \u00fczerinden trafik i\u015faretleriyle kontroll\u00fc Cumhuriyet Caddesi kav\u015fa\u011f\u0131na geldi\u011finde, Kavakl\u0131 Cami istikametine seyreden Y\u0131lmaz K. y\u00f6netimindeki 43 AFR 822 plakal\u0131 otomobil ile \u00e7arp\u0131\u015ft\u0131. Kazada Y\u0131lmaz K. ve ara\u00e7ta bulunan Muhammed E. yaraland\u0131.<br \/>\n<br \/>Kazan\u0131n ard\u0131ndan olay yerine 112 Acil Servis ekipleri sevk edildi. Yaral\u0131lar, sa\u011fl\u0131k ekiplerinin ilk m\u00fcdahalesinin ard\u0131ndan Tav\u015fanl\u0131 Do\u00e7. Dr. Mustafa Kalemli Devlet Hastanesine kald\u0131r\u0131ld\u0131.<br \/><\/p>\n","protected":false},"excerpt":{"rendered":"<p>K\u00fctahya\u2019n\u0131n Tav\u015fanl\u0131 il\u00e7esinde iki otomobilin \u00e7arp\u0131\u015fmas\u0131 sonucu meydana gelen trafik kazas\u0131nda 2 ki\u015fi yaraland\u0131. Edinilen bilgiye g\u00f6re, Tav\u015fanl\u0131 Ulucami Mahallesi\u2019nde, \u0130smail D. y\u00f6netimindeki 43 RD 959 plakal\u0131 otomobil, Yukar\u0131 \u00c7imen Caddesi \u00fczerinden trafik i\u015faretleriyle kontroll\u00fc Cumhuriyet Caddesi kav\u015fa\u011f\u0131na geldi\u011finde, Kavakl\u0131 Cami istikametine seyreden Y\u0131lmaz K. y\u00f6netimindeki 43 AFR 822 plakal\u0131 otomobil ile \u00e7arp\u0131\u015ft\u0131. Kazada Y\u0131lmaz&#8230;<\/p>\n","protected":false},"author":1,"featured_media":34947,"comment_status":"open","ping_status":"open","sticky":false,"template":"","format":"standard","meta":{"_crdt_document":"","footnotes":""},"categories":[5],"tags":[],"class_list":["post-34946","post","type-post","status-publish","format-standard","has-post-thumbnail","hentry","category-asayis"],"_links":{"self":[{"href":"https:\/\/www.egemtv.com\/index.php?rest_route=\/wp\/v2\/posts\/34946","targetHints":{"allow":["GET"]}}],"collection":[{"href":"https:\/\/www.egemtv.com\/index.php?rest_route=\/wp\/v2\/posts"}],"about":[{"href":"https:\/\/www.egemtv.com\/index.php?rest_route=\/wp\/v2\/types\/post"}],"author":[{"embeddable":true,"href":"https:\/\/www.egemtv.com\/index.php?rest_route=\/wp\/v2\/users\/1"}],"replies":[{"embeddable":true,"href":"https:\/\/www.egemtv.com\/index.php?rest_route=%2Fwp%2Fv2%2Fcomments&post=34946"}],"version-history":[{"count":1,"href":"https:\/\/www.egemtv.com\/index.php?rest_route=\/wp\/v2\/posts\/34946\/revisions"}],"predecessor-version":[{"id":34948,"href":"https:\/\/www.egemtv.com\/index.php?rest_route=\/wp\/v2\/posts\/34946\/revisions\/34948"}],"wp:featuredmedia":[{"embeddable":true,"href":"https:\/\/www.egemtv.com\/index.php?rest_route=\/wp\/v2\/media\/34947"}],"wp:attachment":[{"href":"https:\/\/www.egemtv.com\/index.php?rest_route=%2Fwp%2Fv2%2Fmedia&parent=34946"}],"wp:term":[{"taxonomy":"category","embeddable":true,"href":"https:\/\/www.egemtv.com\/index.php?rest_route=%2Fwp%2Fv2%2Fcategories&post=34946"},{"taxonomy":"post_tag","embeddable":true,"href":"https:\/\/www.egemtv.com\/index.php?rest_route=%2Fwp%2Fv2%2Ftags&post=34946"}],"curies":[{"name":"wp","href":"https:\/\/api.w.org\/{rel}","templated":true}]}}