{"id":34943,"date":"2025-06-13T22:57:32","date_gmt":"2025-06-13T19:57:32","guid":{"rendered":"https:\/\/www.egemtv.com\/?p=34943"},"modified":"2025-06-13T22:57:36","modified_gmt":"2025-06-13T19:57:36","slug":"bodrumda-16-yil-hapis-cezasi-bulunan-sahis-yakalandi","status":"publish","type":"post","link":"https:\/\/www.egemtv.com\/?p=34943","title":{"rendered":"Bodrum\u2019da 16 y\u0131l hapis cezas\u0131 bulunan \u015fah\u0131s yakaland\u0131"},"content":{"rendered":"<p>Mu\u011fla\u2019n\u0131n Bodrum il\u00e7esinde h\u0131rs\u0131zl\u0131k su\u00e7undan 16 y\u0131l 10 ay 15 g\u00fcn hapis cezas\u0131yla aranan \u015f\u00fcpheli jandarma ekiplerince yakaland\u0131.<br \/>\n<br \/>Bodrum \u0130l\u00e7e Jandarma Komutanl\u0131\u011f\u0131 JASAT ekipleri taraf\u0131ndan aranan \u015fah\u0131slar\u0131n yakalanmas\u0131na y\u00f6nelik \u00e7al\u0131\u015fmalar aral\u0131ks\u0131z s\u00fcr\u00fcyor. Edilen bilgiye g\u00f6re, hakk\u0131nda \u2019adet gere\u011fi a\u00e7\u0131kta b\u0131rak\u0131lm\u0131\u015f e\u015fya hakk\u0131nda h\u0131rs\u0131zl\u0131k, tahsis gere\u011fi a\u00e7\u0131kta b\u0131rak\u0131lm\u0131\u015f e\u015fya hakk\u0131nda h\u0131rs\u0131zl\u0131k, kullan\u0131m gere\u011fi a\u00e7\u0131kta b\u0131rak\u0131lm\u0131\u015f e\u015fya hakk\u0131nda h\u0131rs\u0131zl\u0131k\u2019 su\u00e7lar\u0131 olmak \u00fczere 3 ayr\u0131 su\u00e7tan toplam 16 y\u0131l 10 ay 15 g\u00fcn kesinle\u015fmi\u015f hapis cezas\u0131 ile yakalama karar\u0131 bulunan O.C.\u2019nin (24) Bodrum\u2019da oldu\u011fu tespit edildi. \u015eah\u0131s, \u0130slamhaneleri Mahallesi Ba\u011fla mevkisinde yap\u0131lan operasyon ile yakaland\u0131. Adliyeye sevk edilen O.C. \u00e7\u0131kar\u0131ld\u0131\u011f\u0131 adli makamlarca tutuklanarak cezaevine teslim edildi.<br \/><\/p>\n","protected":false},"excerpt":{"rendered":"<p>Mu\u011fla\u2019n\u0131n Bodrum il\u00e7esinde h\u0131rs\u0131zl\u0131k su\u00e7undan 16 y\u0131l 10 ay 15 g\u00fcn hapis cezas\u0131yla aranan \u015f\u00fcpheli jandarma ekiplerince yakaland\u0131. Bodrum \u0130l\u00e7e Jandarma Komutanl\u0131\u011f\u0131 JASAT ekipleri taraf\u0131ndan aranan \u015fah\u0131slar\u0131n yakalanmas\u0131na y\u00f6nelik \u00e7al\u0131\u015fmalar aral\u0131ks\u0131z s\u00fcr\u00fcyor. Edilen bilgiye g\u00f6re, hakk\u0131nda \u2019adet gere\u011fi a\u00e7\u0131kta b\u0131rak\u0131lm\u0131\u015f e\u015fya hakk\u0131nda h\u0131rs\u0131zl\u0131k, tahsis gere\u011fi a\u00e7\u0131kta b\u0131rak\u0131lm\u0131\u015f e\u015fya hakk\u0131nda h\u0131rs\u0131zl\u0131k, kullan\u0131m gere\u011fi a\u00e7\u0131kta b\u0131rak\u0131lm\u0131\u015f e\u015fya&#8230;<\/p>\n","protected":false},"author":1,"featured_media":34944,"comment_status":"open","ping_status":"open","sticky":false,"template":"","format":"standard","meta":{"_crdt_document":"","footnotes":""},"categories":[5],"tags":[],"class_list":["post-34943","post","type-post","status-publish","format-standard","has-post-thumbnail","hentry","category-asayis"],"_links":{"self":[{"href":"https:\/\/www.egemtv.com\/index.php?rest_route=\/wp\/v2\/posts\/34943","targetHints":{"allow":["GET"]}}],"collection":[{"href":"https:\/\/www.egemtv.com\/index.php?rest_route=\/wp\/v2\/posts"}],"about":[{"href":"https:\/\/www.egemtv.com\/index.php?rest_route=\/wp\/v2\/types\/post"}],"author":[{"embeddable":true,"href":"https:\/\/www.egemtv.com\/index.php?rest_route=\/wp\/v2\/users\/1"}],"replies":[{"embeddable":true,"href":"https:\/\/www.egemtv.com\/index.php?rest_route=%2Fwp%2Fv2%2Fcomments&post=34943"}],"version-history":[{"count":1,"href":"https:\/\/www.egemtv.com\/index.php?rest_route=\/wp\/v2\/posts\/34943\/revisions"}],"predecessor-version":[{"id":34945,"href":"https:\/\/www.egemtv.com\/index.php?rest_route=\/wp\/v2\/posts\/34943\/revisions\/34945"}],"wp:featuredmedia":[{"embeddable":true,"href":"https:\/\/www.egemtv.com\/index.php?rest_route=\/wp\/v2\/media\/34944"}],"wp:attachment":[{"href":"https:\/\/www.egemtv.com\/index.php?rest_route=%2Fwp%2Fv2%2Fmedia&parent=34943"}],"wp:term":[{"taxonomy":"category","embeddable":true,"href":"https:\/\/www.egemtv.com\/index.php?rest_route=%2Fwp%2Fv2%2Fcategories&post=34943"},{"taxonomy":"post_tag","embeddable":true,"href":"https:\/\/www.egemtv.com\/index.php?rest_route=%2Fwp%2Fv2%2Ftags&post=34943"}],"curies":[{"name":"wp","href":"https:\/\/api.w.org\/{rel}","templated":true}]}}