{"id":34940,"date":"2025-06-13T22:57:29","date_gmt":"2025-06-13T19:57:29","guid":{"rendered":"https:\/\/www.egemtv.com\/?p=34940"},"modified":"2025-06-13T22:57:32","modified_gmt":"2025-06-13T19:57:32","slug":"kontrolden-cikan-motosiklet-park-halindeki-araclara-carpti-1-yarali","status":"publish","type":"post","link":"https:\/\/www.egemtv.com\/?p=34940","title":{"rendered":"Kontrolden \u00e7\u0131kan motosiklet park halindeki ara\u00e7lara \u00e7arpt\u0131: 1 yaral\u0131"},"content":{"rendered":"<p>Ayd\u0131n\u2019\u0131n Ku\u015fadas\u0131 il\u00e7esinde kontrolden \u00e7\u0131kan motosikletin park halindeki ara\u00e7lara \u00e7arpt\u0131\u011f\u0131 kazada s\u00fcr\u00fcc\u00fc a\u011f\u0131r yaraland\u0131. Kaza an\u0131 g\u00fcvenlik kameras\u0131na yans\u0131d\u0131.<br \/>\n<br \/>Kaza, Kad\u0131nlar Denizi Mahallesi\u2019nde meydana geldi. Edinilen bilgiye g\u00f6re, M.K. y\u00f6netimindeki 09 BB 190 plakal\u0131 motosiklet, s\u00fcr\u00fcc\u00fcs\u00fcn\u00fcn d\u00f6n\u00fc\u015f esnas\u0131nda hakimiyetini kaybetmesi sonucu park halindeki motosiklet ve araca \u00e7apt\u0131. \u00c7arpman\u0131n etkisi ile motosikletten d\u00fc\u015ferek ba\u015f\u0131n\u0131 beton zemine \u00e7arpan s\u00fcr\u00fcc\u00fc a\u011f\u0131r yaraland\u0131. Kazay\u0131 g\u00f6renler durumu 112 Acil \u00c7a\u011fr\u0131 Merkezi\u2019ne bildirdi. \u0130hbar \u00fczerine b\u00f6lgeye sa\u011fl\u0131k ve polis ekipleri sevk edildi. Ambulansla hastaneye kald\u0131r\u0131lan s\u00fcr\u00fcc\u00fcn\u00fcn, hayati tehlikesinin bulundu\u011fu \u00f6\u011frenildi.<\/p>\n<p>Kaza an\u0131 kamerada<br \/>\n<br \/>\u00d6te yandan, kaza an\u0131 \u00e7evredeki g\u00fcvenlik kameralar\u0131 taraf\u0131ndan anbean kaydedilirken, g\u00f6r\u00fcnt\u00fclerde d\u00f6n\u00fc\u015f yapan motosiklet s\u00fcr\u00fcc\u00fcs\u00fcn\u00fcn park halindeki ara\u00e7 ve motosiklete \u00e7arparak d\u00fc\u015fmesi yer ald\u0131.<br \/>\n<br \/>Kazayla ilgili soru\u015fturma s\u00fcr\u00fcyor.<br \/><\/p>\n","protected":false},"excerpt":{"rendered":"<p>Ayd\u0131n\u2019\u0131n Ku\u015fadas\u0131 il\u00e7esinde kontrolden \u00e7\u0131kan motosikletin park halindeki ara\u00e7lara \u00e7arpt\u0131\u011f\u0131 kazada s\u00fcr\u00fcc\u00fc a\u011f\u0131r yaraland\u0131. Kaza an\u0131 g\u00fcvenlik kameras\u0131na yans\u0131d\u0131. Kaza, Kad\u0131nlar Denizi Mahallesi\u2019nde meydana geldi. Edinilen bilgiye g\u00f6re, M.K. y\u00f6netimindeki 09 BB 190 plakal\u0131 motosiklet, s\u00fcr\u00fcc\u00fcs\u00fcn\u00fcn d\u00f6n\u00fc\u015f esnas\u0131nda hakimiyetini kaybetmesi sonucu park halindeki motosiklet ve araca \u00e7apt\u0131. \u00c7arpman\u0131n etkisi ile motosikletten d\u00fc\u015ferek ba\u015f\u0131n\u0131 beton zemine&#8230;<\/p>\n","protected":false},"author":1,"featured_media":34941,"comment_status":"open","ping_status":"open","sticky":false,"template":"","format":"standard","meta":{"_crdt_document":"","footnotes":""},"categories":[5],"tags":[],"class_list":["post-34940","post","type-post","status-publish","format-standard","has-post-thumbnail","hentry","category-asayis"],"_links":{"self":[{"href":"https:\/\/www.egemtv.com\/index.php?rest_route=\/wp\/v2\/posts\/34940","targetHints":{"allow":["GET"]}}],"collection":[{"href":"https:\/\/www.egemtv.com\/index.php?rest_route=\/wp\/v2\/posts"}],"about":[{"href":"https:\/\/www.egemtv.com\/index.php?rest_route=\/wp\/v2\/types\/post"}],"author":[{"embeddable":true,"href":"https:\/\/www.egemtv.com\/index.php?rest_route=\/wp\/v2\/users\/1"}],"replies":[{"embeddable":true,"href":"https:\/\/www.egemtv.com\/index.php?rest_route=%2Fwp%2Fv2%2Fcomments&post=34940"}],"version-history":[{"count":1,"href":"https:\/\/www.egemtv.com\/index.php?rest_route=\/wp\/v2\/posts\/34940\/revisions"}],"predecessor-version":[{"id":34942,"href":"https:\/\/www.egemtv.com\/index.php?rest_route=\/wp\/v2\/posts\/34940\/revisions\/34942"}],"wp:featuredmedia":[{"embeddable":true,"href":"https:\/\/www.egemtv.com\/index.php?rest_route=\/wp\/v2\/media\/34941"}],"wp:attachment":[{"href":"https:\/\/www.egemtv.com\/index.php?rest_route=%2Fwp%2Fv2%2Fmedia&parent=34940"}],"wp:term":[{"taxonomy":"category","embeddable":true,"href":"https:\/\/www.egemtv.com\/index.php?rest_route=%2Fwp%2Fv2%2Fcategories&post=34940"},{"taxonomy":"post_tag","embeddable":true,"href":"https:\/\/www.egemtv.com\/index.php?rest_route=%2Fwp%2Fv2%2Ftags&post=34940"}],"curies":[{"name":"wp","href":"https:\/\/api.w.org\/{rel}","templated":true}]}}