{"id":34937,"date":"2025-06-13T22:35:39","date_gmt":"2025-06-13T19:35:39","guid":{"rendered":"https:\/\/www.egemtv.com\/?p=34937"},"modified":"2025-06-13T22:35:42","modified_gmt":"2025-06-13T19:35:42","slug":"bicimlendirici-degerlendirme-kursu-tamamlandi","status":"publish","type":"post","link":"https:\/\/www.egemtv.com\/?p=34937","title":{"rendered":"Bi\u00e7imlendirici De\u011ferlendirme Kursu tamamland\u0131"},"content":{"rendered":"<p>Sar\u0131g\u00f6l \u0130l\u00e7e Milli E\u011fitim M\u00fcd\u00fcrl\u00fc\u011f\u00fc taraf\u0131ndan \u00f6\u011fretmenlere y\u00f6nelik d\u00fczenlenen &#8220;\u0130lkokullarda Bi\u00e7imlendirici De\u011ferlendirme Kursu&#8221; tamamland\u0131.<br \/>\n<br \/>Sar\u0131g\u00f6l Mesleki ve Teknik Anadolu Lisesi Konferans Salonu\u2019nda ger\u00e7ekle\u015ftirilen kursa 50 s\u0131n\u0131f \u00f6\u011fretmeni kat\u0131ld\u0131.<br \/>\n<br \/>Kurs hakk\u0131nda bilgi veren Sar\u0131g\u00f6l \u0130l\u00e7e Milli E\u011fitim M\u00fcd\u00fcr\u00fc Cezmi Y\u0131ld\u0131rak, &#8220;12 saatlik program per\u015fembe ve cuma g\u00fcnleri ger\u00e7ekle\u015ftirildi. Kursun e\u011fitim y\u00f6neticili\u011fini Muhittin \u015een, e\u011fitmenli\u011fini ise Volkan Boz \u00fcstlendi.&#8221; dedi.<br \/>\n<br \/>Kursun sonunda \u00f6\u011fretmenler, e\u011fitmen Volkan Boz\u2019a \u00e7e\u015fitli sorular y\u00f6nelterek detayl\u0131 bilgi ald\u0131. Kat\u0131l\u0131mc\u0131 \u00f6\u011fretmenler, kursun olduk\u00e7a faydal\u0131 ge\u00e7ti\u011fini belirtti.<br \/><\/p>\n","protected":false},"excerpt":{"rendered":"<p>Sar\u0131g\u00f6l \u0130l\u00e7e Milli E\u011fitim M\u00fcd\u00fcrl\u00fc\u011f\u00fc taraf\u0131ndan \u00f6\u011fretmenlere y\u00f6nelik d\u00fczenlenen &#8220;\u0130lkokullarda Bi\u00e7imlendirici De\u011ferlendirme Kursu&#8221; tamamland\u0131. Sar\u0131g\u00f6l Mesleki ve Teknik Anadolu Lisesi Konferans Salonu\u2019nda ger\u00e7ekle\u015ftirilen kursa 50 s\u0131n\u0131f \u00f6\u011fretmeni kat\u0131ld\u0131. Kurs hakk\u0131nda bilgi veren Sar\u0131g\u00f6l \u0130l\u00e7e Milli E\u011fitim M\u00fcd\u00fcr\u00fc Cezmi Y\u0131ld\u0131rak, &#8220;12 saatlik program per\u015fembe ve cuma g\u00fcnleri ger\u00e7ekle\u015ftirildi. Kursun e\u011fitim y\u00f6neticili\u011fini Muhittin \u015een, e\u011fitmenli\u011fini ise Volkan&#8230;<\/p>\n","protected":false},"author":1,"featured_media":34938,"comment_status":"open","ping_status":"open","sticky":false,"template":"","format":"standard","meta":{"_crdt_document":"","footnotes":""},"categories":[1],"tags":[],"class_list":["post-34937","post","type-post","status-publish","format-standard","has-post-thumbnail","hentry","category-guncel"],"_links":{"self":[{"href":"https:\/\/www.egemtv.com\/index.php?rest_route=\/wp\/v2\/posts\/34937","targetHints":{"allow":["GET"]}}],"collection":[{"href":"https:\/\/www.egemtv.com\/index.php?rest_route=\/wp\/v2\/posts"}],"about":[{"href":"https:\/\/www.egemtv.com\/index.php?rest_route=\/wp\/v2\/types\/post"}],"author":[{"embeddable":true,"href":"https:\/\/www.egemtv.com\/index.php?rest_route=\/wp\/v2\/users\/1"}],"replies":[{"embeddable":true,"href":"https:\/\/www.egemtv.com\/index.php?rest_route=%2Fwp%2Fv2%2Fcomments&post=34937"}],"version-history":[{"count":1,"href":"https:\/\/www.egemtv.com\/index.php?rest_route=\/wp\/v2\/posts\/34937\/revisions"}],"predecessor-version":[{"id":34939,"href":"https:\/\/www.egemtv.com\/index.php?rest_route=\/wp\/v2\/posts\/34937\/revisions\/34939"}],"wp:featuredmedia":[{"embeddable":true,"href":"https:\/\/www.egemtv.com\/index.php?rest_route=\/wp\/v2\/media\/34938"}],"wp:attachment":[{"href":"https:\/\/www.egemtv.com\/index.php?rest_route=%2Fwp%2Fv2%2Fmedia&parent=34937"}],"wp:term":[{"taxonomy":"category","embeddable":true,"href":"https:\/\/www.egemtv.com\/index.php?rest_route=%2Fwp%2Fv2%2Fcategories&post=34937"},{"taxonomy":"post_tag","embeddable":true,"href":"https:\/\/www.egemtv.com\/index.php?rest_route=%2Fwp%2Fv2%2Ftags&post=34937"}],"curies":[{"name":"wp","href":"https:\/\/api.w.org\/{rel}","templated":true}]}}