{"id":34934,"date":"2025-06-13T22:35:35","date_gmt":"2025-06-13T19:35:35","guid":{"rendered":"https:\/\/www.egemtv.com\/?p=34934"},"modified":"2025-06-13T22:35:39","modified_gmt":"2025-06-13T19:35:39","slug":"ruzgara-karsi-mucadele-veren-ates-savascilari-500-hektar-ormani-yanmaktan-kurtardi","status":"publish","type":"post","link":"https:\/\/www.egemtv.com\/?p=34934","title":{"rendered":"R\u00fczgara kar\u015f\u0131 m\u00fccadele veren ate\u015f sava\u015f\u00e7\u0131lar\u0131 500 hektar orman\u0131 yanmaktan kurtard\u0131"},"content":{"rendered":"<p>DEN\u0130ZL\u0130 (\u0130HA) \u2013 Denizli\u2019nin Honaz il\u00e7esinde y\u0131ld\u0131r\u0131m d\u00fc\u015fmesi sonucu iki ayr\u0131 noktada ba\u015flayan orman yang\u0131nlar\u0131, zaman\u0131nda m\u00fcdahale sayesinde b\u00fcy\u00fcmeden s\u00f6nd\u00fcr\u00fcld\u00fc. R\u00fczgara kar\u015f\u0131 b\u00fcy\u00fck bir m\u00fccadele veren orman ekipleri, 2 hektar alan\u0131n zarar g\u00f6rd\u00fc\u011f\u00fc yang\u0131nda, 500 hektar blok ormanl\u0131k sahay\u0131 yanmaktan kurtard\u0131.<\/p>\n<p>Denizli\u2019de bunalt\u0131c\u0131 bir s\u0131ca\u011f\u0131n ard\u0131ndan \u00f6\u011fleden sonra aniden bast\u0131ran g\u00f6k g\u00fcr\u00fclt\u00fcl\u00fc sa\u011fanak ya\u011f\u0131\u015f, orman yang\u0131nlar\u0131n\u0131 da beraberinde getirdi. Honaz il\u00e7esine ba\u011fl\u0131 Sapaca Mahallesi s\u0131n\u0131rlar\u0131 i\u00e7erisinde kalan ormanl\u0131k alana y\u0131ld\u0131r\u0131m d\u00fc\u015fmesi sonucu iki farkl\u0131 noktada orman yang\u0131n\u0131 ba\u015flad\u0131. Yang\u0131n ihbar\u0131n\u0131n d\u00fc\u015fmesinin ard\u0131ndan Denizli Orman \u0130\u015fletme M\u00fcd\u00fcrl\u00fc\u011f\u00fc ekipleri, y\u0131ld\u0131r\u0131m kaynakl\u0131 orman yang\u0131nlar\u0131na an\u0131nda m\u00fcdahale etti.<\/p>\n<p>\u015eiddetli r\u00fczgarla birlikte yo\u011fun ormanl\u0131k b\u00f6lgeye do\u011fru ilerleyen yang\u0131na, Denizli \u0130\u015fletme M\u00fcd\u00fcrl\u00fc\u011f\u00fcnde g\u00f6revli 10 ilk m\u00fcdahale arac\u0131, 19 araz\u00f6z, 2 i\u015f makinesi ve 57 personelle m\u00fcdahale edildi. Yang\u0131n mahallindeki \u015fiddetli r\u00fczg\u00e2ra ra\u011fmen orman ekiplerinin h\u0131zl\u0131 m\u00fcdahalesi sonucu, yang\u0131n\u0131n ilerleyerek b\u00fcy\u00fcmesine engel olunarak, 500 hektar blok ormanl\u0131k alan\u0131n zarar g\u00f6rmesinin \u00f6n\u00fcne ge\u00e7ildi. Kontrol alt\u0131na al\u0131nan yang\u0131n sahas\u0131nda, so\u011futma \u00e7al\u0131\u015fmalar\u0131na devam etti\u011fi bildirildi. Yang\u0131nda yakla\u015f\u0131k 2 hektar \u00f6rt\u00fc \u015feklindeki alan\u0131n etkilendi\u011fi bildirildi.<br \/><\/p>\n","protected":false},"excerpt":{"rendered":"<p>DEN\u0130ZL\u0130 (\u0130HA) \u2013 Denizli\u2019nin Honaz il\u00e7esinde y\u0131ld\u0131r\u0131m d\u00fc\u015fmesi sonucu iki ayr\u0131 noktada ba\u015flayan orman yang\u0131nlar\u0131, zaman\u0131nda m\u00fcdahale sayesinde b\u00fcy\u00fcmeden s\u00f6nd\u00fcr\u00fcld\u00fc. R\u00fczgara kar\u015f\u0131 b\u00fcy\u00fck bir m\u00fccadele veren orman ekipleri, 2 hektar alan\u0131n zarar g\u00f6rd\u00fc\u011f\u00fc yang\u0131nda, 500 hektar blok ormanl\u0131k sahay\u0131 yanmaktan kurtard\u0131. Denizli\u2019de bunalt\u0131c\u0131 bir s\u0131ca\u011f\u0131n ard\u0131ndan \u00f6\u011fleden sonra aniden bast\u0131ran g\u00f6k g\u00fcr\u00fclt\u00fcl\u00fc sa\u011fanak ya\u011f\u0131\u015f, orman&#8230;<\/p>\n","protected":false},"author":1,"featured_media":34935,"comment_status":"open","ping_status":"open","sticky":false,"template":"","format":"standard","meta":{"_crdt_document":"","footnotes":""},"categories":[5],"tags":[],"class_list":["post-34934","post","type-post","status-publish","format-standard","has-post-thumbnail","hentry","category-asayis"],"_links":{"self":[{"href":"https:\/\/www.egemtv.com\/index.php?rest_route=\/wp\/v2\/posts\/34934","targetHints":{"allow":["GET"]}}],"collection":[{"href":"https:\/\/www.egemtv.com\/index.php?rest_route=\/wp\/v2\/posts"}],"about":[{"href":"https:\/\/www.egemtv.com\/index.php?rest_route=\/wp\/v2\/types\/post"}],"author":[{"embeddable":true,"href":"https:\/\/www.egemtv.com\/index.php?rest_route=\/wp\/v2\/users\/1"}],"replies":[{"embeddable":true,"href":"https:\/\/www.egemtv.com\/index.php?rest_route=%2Fwp%2Fv2%2Fcomments&post=34934"}],"version-history":[{"count":1,"href":"https:\/\/www.egemtv.com\/index.php?rest_route=\/wp\/v2\/posts\/34934\/revisions"}],"predecessor-version":[{"id":34936,"href":"https:\/\/www.egemtv.com\/index.php?rest_route=\/wp\/v2\/posts\/34934\/revisions\/34936"}],"wp:featuredmedia":[{"embeddable":true,"href":"https:\/\/www.egemtv.com\/index.php?rest_route=\/wp\/v2\/media\/34935"}],"wp:attachment":[{"href":"https:\/\/www.egemtv.com\/index.php?rest_route=%2Fwp%2Fv2%2Fmedia&parent=34934"}],"wp:term":[{"taxonomy":"category","embeddable":true,"href":"https:\/\/www.egemtv.com\/index.php?rest_route=%2Fwp%2Fv2%2Fcategories&post=34934"},{"taxonomy":"post_tag","embeddable":true,"href":"https:\/\/www.egemtv.com\/index.php?rest_route=%2Fwp%2Fv2%2Ftags&post=34934"}],"curies":[{"name":"wp","href":"https:\/\/api.w.org\/{rel}","templated":true}]}}