{"id":34931,"date":"2025-06-13T22:35:30","date_gmt":"2025-06-13T19:35:30","guid":{"rendered":"https:\/\/www.egemtv.com\/?p=34931"},"modified":"2025-06-13T22:35:34","modified_gmt":"2025-06-13T19:35:34","slug":"kamyonet-ile-motosiklet-carpisti-1-olu-2-yarali","status":"publish","type":"post","link":"https:\/\/www.egemtv.com\/?p=34931","title":{"rendered":"Kamyonet ile motosiklet \u00e7arp\u0131\u015ft\u0131: 1 \u00f6l\u00fc, 2 yaral\u0131"},"content":{"rendered":"<p>Ayd\u0131n\u2019\u0131n \u0130ncirliova il\u00e7esinde kamyonet ile motosikletin \u00e7arp\u0131\u015fmas\u0131 sonucu meydana gelen trafik kazas\u0131nda 1 ki\u015fi \u00f6ld\u00fc, 2 ki\u015fi de yaraland\u0131.<br \/>\n<br \/>Kaza, Sand\u0131kl\u0131 Mahallesi Vatan Caddesi \u00fczerinde ak\u015fam saatlerinde meydana geldi. Edinilen bilgiye g\u00f6re, A.B. (54) idaresindeki 09 ABS 879 plakal\u0131 kamyonetin ile Acarlar istikametinden \u0130ncirliova istikametine seyir halindeki ve kar\u015f\u0131 \u015feritten gelen \u00d6zg\u00fcr Demir (48) y\u00f6netimindeki 09 DB 409 plakal\u0131 motosiklet hen\u00fcz bilinmeyen bir nedenle \u00e7arp\u0131\u015ft\u0131. \u00c7arp\u0131\u015fman\u0131n etkisi ile savrulan motosikletten s\u00fcr\u00fcc\u00fc \u00d6zg\u00fcr Demir ve G.D. (39) yere d\u00fc\u015ft\u00fc. Kazay\u0131 g\u00f6renler durumu 112 Acil \u00c7a\u011fr\u0131 Merkezi\u2019ne bildirdi. \u0130hbar \u00fczerine b\u00f6lgeye sa\u011fl\u0131k ve polis ekipleri sevk edildi. K\u0131sa s\u00fcrede olay yerine gelen sa\u011fl\u0131k ekipleri yapt\u0131klar\u0131 kontrollerde motosiklet s\u00fcr\u00fcc\u00fcs\u00fc \u00d6zg\u00fcr Demir\u2019in hayat\u0131n\u0131 kaybetti\u011fini tespit etti. Yaralanan kamyonet s\u00fcr\u00fcc\u00fc A.B. ve G.D.\u2019ye ilk m\u00fcdahalelerini yaparak ambulans ile hastaneye kald\u0131rd\u0131. Ac\u0131 haberi alan Demir\u2019in ailesi ve yak\u0131nlar\u0131 yasa bo\u011fulurken, hastanede tedavi alt\u0131na al\u0131nan yaral\u0131lar\u0131n hayati tehlikelerinin bulunmad\u0131\u011f\u0131 \u00f6\u011frenildi.<br \/>\n<br \/>Olayla ilgili soru\u015fturma s\u00fcr\u00fcyor.<br \/><\/p>\n","protected":false},"excerpt":{"rendered":"<p>Ayd\u0131n\u2019\u0131n \u0130ncirliova il\u00e7esinde kamyonet ile motosikletin \u00e7arp\u0131\u015fmas\u0131 sonucu meydana gelen trafik kazas\u0131nda 1 ki\u015fi \u00f6ld\u00fc, 2 ki\u015fi de yaraland\u0131. Kaza, Sand\u0131kl\u0131 Mahallesi Vatan Caddesi \u00fczerinde ak\u015fam saatlerinde meydana geldi. Edinilen bilgiye g\u00f6re, A.B. (54) idaresindeki 09 ABS 879 plakal\u0131 kamyonetin ile Acarlar istikametinden \u0130ncirliova istikametine seyir halindeki ve kar\u015f\u0131 \u015feritten gelen \u00d6zg\u00fcr Demir (48) y\u00f6netimindeki&#8230;<\/p>\n","protected":false},"author":1,"featured_media":34932,"comment_status":"open","ping_status":"open","sticky":false,"template":"","format":"standard","meta":{"_crdt_document":"","footnotes":""},"categories":[5],"tags":[],"class_list":["post-34931","post","type-post","status-publish","format-standard","has-post-thumbnail","hentry","category-asayis"],"_links":{"self":[{"href":"https:\/\/www.egemtv.com\/index.php?rest_route=\/wp\/v2\/posts\/34931","targetHints":{"allow":["GET"]}}],"collection":[{"href":"https:\/\/www.egemtv.com\/index.php?rest_route=\/wp\/v2\/posts"}],"about":[{"href":"https:\/\/www.egemtv.com\/index.php?rest_route=\/wp\/v2\/types\/post"}],"author":[{"embeddable":true,"href":"https:\/\/www.egemtv.com\/index.php?rest_route=\/wp\/v2\/users\/1"}],"replies":[{"embeddable":true,"href":"https:\/\/www.egemtv.com\/index.php?rest_route=%2Fwp%2Fv2%2Fcomments&post=34931"}],"version-history":[{"count":1,"href":"https:\/\/www.egemtv.com\/index.php?rest_route=\/wp\/v2\/posts\/34931\/revisions"}],"predecessor-version":[{"id":34933,"href":"https:\/\/www.egemtv.com\/index.php?rest_route=\/wp\/v2\/posts\/34931\/revisions\/34933"}],"wp:featuredmedia":[{"embeddable":true,"href":"https:\/\/www.egemtv.com\/index.php?rest_route=\/wp\/v2\/media\/34932"}],"wp:attachment":[{"href":"https:\/\/www.egemtv.com\/index.php?rest_route=%2Fwp%2Fv2%2Fmedia&parent=34931"}],"wp:term":[{"taxonomy":"category","embeddable":true,"href":"https:\/\/www.egemtv.com\/index.php?rest_route=%2Fwp%2Fv2%2Fcategories&post=34931"},{"taxonomy":"post_tag","embeddable":true,"href":"https:\/\/www.egemtv.com\/index.php?rest_route=%2Fwp%2Fv2%2Ftags&post=34931"}],"curies":[{"name":"wp","href":"https:\/\/api.w.org\/{rel}","templated":true}]}}