{"id":34925,"date":"2025-06-13T21:34:28","date_gmt":"2025-06-13T18:34:28","guid":{"rendered":"https:\/\/www.egemtv.com\/?p=34925"},"modified":"2025-06-13T21:34:32","modified_gmt":"2025-06-13T18:34:32","slug":"gezi-teknesinde-rahatsizlanan-vatandasa-tibbi-tahliye-2","status":"publish","type":"post","link":"https:\/\/www.egemtv.com\/?p=34925","title":{"rendered":"Gezi teknesinde rahats\u0131zlanan vatanda\u015fa t\u0131bbi tahliye"},"content":{"rendered":"<p>Mu\u011fla\u2019n\u0131n Fethiye il\u00e7esi a\u00e7\u0131klar\u0131nda seyreden gezi teknesinde rahats\u0131zlanan vatanda\u015f, Sahil G\u00fcvenlik ekiplerince t\u0131bbi tahliyesi ger\u00e7ekle\u015ftirildi.<br \/>\n<br \/>Fethiye a\u00e7\u0131klar\u0131nda gezi teknesinde bulunan vatanda\u015f\u0131n rahats\u0131zlanmas\u0131 \u00fczerine yard\u0131m \u00e7a\u011fr\u0131s\u0131 yap\u0131ld\u0131. Yap\u0131lan yard\u0131m \u00e7a\u011fr\u0131s\u0131 \u00fczerine Sahil G\u00fcvenlik ekipleri taraf\u0131ndan denizden tahliyesi yap\u0131lan \u00e7ocuk 112 ambulans ekiplerine teslim edildi.<br \/><\/p>\n","protected":false},"excerpt":{"rendered":"<p>Mu\u011fla\u2019n\u0131n Fethiye il\u00e7esi a\u00e7\u0131klar\u0131nda seyreden gezi teknesinde rahats\u0131zlanan vatanda\u015f, Sahil G\u00fcvenlik ekiplerince t\u0131bbi tahliyesi ger\u00e7ekle\u015ftirildi. Fethiye a\u00e7\u0131klar\u0131nda gezi teknesinde bulunan vatanda\u015f\u0131n rahats\u0131zlanmas\u0131 \u00fczerine yard\u0131m \u00e7a\u011fr\u0131s\u0131 yap\u0131ld\u0131. Yap\u0131lan yard\u0131m \u00e7a\u011fr\u0131s\u0131 \u00fczerine Sahil G\u00fcvenlik ekipleri taraf\u0131ndan denizden tahliyesi yap\u0131lan \u00e7ocuk 112 ambulans ekiplerine teslim edildi.<\/p>\n","protected":false},"author":1,"featured_media":34926,"comment_status":"open","ping_status":"open","sticky":false,"template":"","format":"standard","meta":{"_crdt_document":"","footnotes":""},"categories":[2],"tags":[],"class_list":["post-34925","post","type-post","status-publish","format-standard","has-post-thumbnail","hentry","category-saglik"],"_links":{"self":[{"href":"https:\/\/www.egemtv.com\/index.php?rest_route=\/wp\/v2\/posts\/34925","targetHints":{"allow":["GET"]}}],"collection":[{"href":"https:\/\/www.egemtv.com\/index.php?rest_route=\/wp\/v2\/posts"}],"about":[{"href":"https:\/\/www.egemtv.com\/index.php?rest_route=\/wp\/v2\/types\/post"}],"author":[{"embeddable":true,"href":"https:\/\/www.egemtv.com\/index.php?rest_route=\/wp\/v2\/users\/1"}],"replies":[{"embeddable":true,"href":"https:\/\/www.egemtv.com\/index.php?rest_route=%2Fwp%2Fv2%2Fcomments&post=34925"}],"version-history":[{"count":1,"href":"https:\/\/www.egemtv.com\/index.php?rest_route=\/wp\/v2\/posts\/34925\/revisions"}],"predecessor-version":[{"id":34927,"href":"https:\/\/www.egemtv.com\/index.php?rest_route=\/wp\/v2\/posts\/34925\/revisions\/34927"}],"wp:featuredmedia":[{"embeddable":true,"href":"https:\/\/www.egemtv.com\/index.php?rest_route=\/wp\/v2\/media\/34926"}],"wp:attachment":[{"href":"https:\/\/www.egemtv.com\/index.php?rest_route=%2Fwp%2Fv2%2Fmedia&parent=34925"}],"wp:term":[{"taxonomy":"category","embeddable":true,"href":"https:\/\/www.egemtv.com\/index.php?rest_route=%2Fwp%2Fv2%2Fcategories&post=34925"},{"taxonomy":"post_tag","embeddable":true,"href":"https:\/\/www.egemtv.com\/index.php?rest_route=%2Fwp%2Fv2%2Ftags&post=34925"}],"curies":[{"name":"wp","href":"https:\/\/api.w.org\/{rel}","templated":true}]}}