{"id":34922,"date":"2025-06-13T20:54:38","date_gmt":"2025-06-13T17:54:38","guid":{"rendered":"https:\/\/www.egemtv.com\/?p=34922"},"modified":"2025-06-13T20:54:42","modified_gmt":"2025-06-13T17:54:42","slug":"chpli-baskanlardan-bozdogana-cikarma","status":"publish","type":"post","link":"https:\/\/www.egemtv.com\/?p=34922","title":{"rendered":"CHP\u2019li Ba\u015fkanlardan Bozdo\u011fan\u2019a \u00e7\u0131karma"},"content":{"rendered":"<p>Cumhuriyet Halk Partisi Ayd\u0131n \u0130l Ba\u015fkan\u0131 Hikmet Saat\u00e7\u0131, Ayd\u0131n B\u00fcy\u00fck\u015fehir Belediye Ba\u015fkan\u0131 \u00d6zlem \u00c7er\u00e7io\u011flu ve CHP\u2019li il\u00e7e belediye ba\u015fkanlar\u0131 Bozdo\u011fan Belediyesi\u2019ni ziyaret etti.<br \/>\n<br \/>Bozdo\u011fan Belediye Ba\u015fkan\u0131 Mustafa Galip \u00d6zel\u2019in ev sahipli\u011finde ger\u00e7ekle\u015fen ziyarette, il\u00e7ede y\u00fcr\u00fct\u00fclen \u00e7al\u0131\u015fmalar ve hayata ge\u00e7irilmesi planlanan projeler hakk\u0131nda g\u00f6r\u00fc\u015f al\u0131\u015fveri\u015finde bulunuldu.<br \/>\n<br \/>Ziyarete, Efeler Belediye Ba\u015fkan\u0131 An\u0131l Yeti\u015fkin, S\u00f6ke Belediye Ba\u015fkan\u0131 Mustafa \u0130berya Ar\u0131kan, Ku\u015fadas\u0131 Belediye Ba\u015fkan\u0131 \u00d6mer G\u00fcnel, Didim Belediye Ba\u015fkan\u0131 Hatice Gen\u00e7ay, Nazilli Belediye Ba\u015fkan\u0131 Ertu\u011frul Tetik, \u00c7ine Belediye Ba\u015fkan\u0131 Mehmet K\u0131vrak, Germencik Belediye Ba\u015fkan\u0131 Burak Zencirci, Sultanhisar Belediye Ba\u015fkan\u0131 Osman Y\u0131ld\u0131r\u0131mkaya, Karacasu Belediye Ba\u015fkan\u0131 Mustafa B\u00fcy\u00fckyap\u0131c\u0131, Kuyucak Belediye Ba\u015fkan\u0131 U\u011fur Do\u011fanca ve Yenipazar Belediye Ba\u015fkan\u0131 Malik Ercan da kat\u0131ld\u0131.<br \/>\n<br \/>Ba\u015fkan Galip \u00d6zel, nazik ziyaretleri ve destekleri i\u00e7in t\u00fcm ba\u015fkanlara te\u015fekk\u00fcr ederek, &#8220;Ayd\u0131n B\u00fcy\u00fck\u015fehir Belediye Ba\u015fkan\u0131m\u0131z \u00d6zlem \u00c7er\u00e7io\u011flu\u2019na bug\u00fcne kadar verdi\u011fi ve bundan sonra da verece\u011fi desteklerden dolay\u0131 ayr\u0131ca te\u015fekk\u00fcr ediyorum. \u2018\u0130\u015fimiz g\u00fcc\u00fcm\u00fcz Bozdo\u011fan\u2019 diyerek il\u00e7emiz i\u00e7in var g\u00fcc\u00fcm\u00fczle \u00e7al\u0131\u015fmaya devam edece\u011fiz&#8221; dedi.<br \/><\/p>\n","protected":false},"excerpt":{"rendered":"<p>Cumhuriyet Halk Partisi Ayd\u0131n \u0130l Ba\u015fkan\u0131 Hikmet Saat\u00e7\u0131, Ayd\u0131n B\u00fcy\u00fck\u015fehir Belediye Ba\u015fkan\u0131 \u00d6zlem \u00c7er\u00e7io\u011flu ve CHP\u2019li il\u00e7e belediye ba\u015fkanlar\u0131 Bozdo\u011fan Belediyesi\u2019ni ziyaret etti. Bozdo\u011fan Belediye Ba\u015fkan\u0131 Mustafa Galip \u00d6zel\u2019in ev sahipli\u011finde ger\u00e7ekle\u015fen ziyarette, il\u00e7ede y\u00fcr\u00fct\u00fclen \u00e7al\u0131\u015fmalar ve hayata ge\u00e7irilmesi planlanan projeler hakk\u0131nda g\u00f6r\u00fc\u015f al\u0131\u015fveri\u015finde bulunuldu. Ziyarete, Efeler Belediye Ba\u015fkan\u0131 An\u0131l Yeti\u015fkin, S\u00f6ke Belediye Ba\u015fkan\u0131 Mustafa&#8230;<\/p>\n","protected":false},"author":1,"featured_media":34923,"comment_status":"open","ping_status":"open","sticky":false,"template":"","format":"standard","meta":{"_crdt_document":"","footnotes":""},"categories":[127],"tags":[],"class_list":["post-34922","post","type-post","status-publish","format-standard","has-post-thumbnail","hentry","category-siyaset"],"_links":{"self":[{"href":"https:\/\/www.egemtv.com\/index.php?rest_route=\/wp\/v2\/posts\/34922","targetHints":{"allow":["GET"]}}],"collection":[{"href":"https:\/\/www.egemtv.com\/index.php?rest_route=\/wp\/v2\/posts"}],"about":[{"href":"https:\/\/www.egemtv.com\/index.php?rest_route=\/wp\/v2\/types\/post"}],"author":[{"embeddable":true,"href":"https:\/\/www.egemtv.com\/index.php?rest_route=\/wp\/v2\/users\/1"}],"replies":[{"embeddable":true,"href":"https:\/\/www.egemtv.com\/index.php?rest_route=%2Fwp%2Fv2%2Fcomments&post=34922"}],"version-history":[{"count":1,"href":"https:\/\/www.egemtv.com\/index.php?rest_route=\/wp\/v2\/posts\/34922\/revisions"}],"predecessor-version":[{"id":34924,"href":"https:\/\/www.egemtv.com\/index.php?rest_route=\/wp\/v2\/posts\/34922\/revisions\/34924"}],"wp:featuredmedia":[{"embeddable":true,"href":"https:\/\/www.egemtv.com\/index.php?rest_route=\/wp\/v2\/media\/34923"}],"wp:attachment":[{"href":"https:\/\/www.egemtv.com\/index.php?rest_route=%2Fwp%2Fv2%2Fmedia&parent=34922"}],"wp:term":[{"taxonomy":"category","embeddable":true,"href":"https:\/\/www.egemtv.com\/index.php?rest_route=%2Fwp%2Fv2%2Fcategories&post=34922"},{"taxonomy":"post_tag","embeddable":true,"href":"https:\/\/www.egemtv.com\/index.php?rest_route=%2Fwp%2Fv2%2Ftags&post=34922"}],"curies":[{"name":"wp","href":"https:\/\/api.w.org\/{rel}","templated":true}]}}