{"id":34883,"date":"2025-06-13T16:55:20","date_gmt":"2025-06-13T13:55:20","guid":{"rendered":"https:\/\/www.egemtv.com\/?p=34883"},"modified":"2025-06-13T16:55:25","modified_gmt":"2025-06-13T13:55:25","slug":"buyuksehirin-egitimleriyle-milli-takima-girdi","status":"publish","type":"post","link":"https:\/\/www.egemtv.com\/?p=34883","title":{"rendered":"B\u00fcy\u00fck\u015fehir\u2019in e\u011fitimleriyle milli tak\u0131ma girdi"},"content":{"rendered":"<p>Ayd\u0131n B\u00fcy\u00fck\u015fehir Belediyesi Atat\u00fcrk Spor Kompleksi\u2019nde ger\u00e7ekle\u015ftirilen e\u011fitimler ile milli tak\u0131ma giren gen\u00e7 y\u00fcz\u00fcc\u00fc Nisan Ada Balkan, B\u00fcy\u00fck\u015fehir Belediye Ba\u015fkan\u0131 \u00d6zlem \u00c7er\u00e7io\u011flu\u2019nu makam\u0131nda ziyaret etti.<\/p>\n<p>Ayd\u0131n B\u00fcy\u00fck\u015fehir Belediye Ba\u015fkan\u0131 \u00d6zlem \u00c7er\u00e7io\u011flu\u2019na, Grand Prix Burgas 2025 Uluslararas\u0131 Y\u00fczme \u015eampiyonas\u0131 13-14 ya\u015f kategorisinde 3\u2019\u00fcnc\u00fc olan Y\u00fczme Milli Tak\u0131m\u0131 sporcusu Nisan Ada Balkan ile Antren\u00f6r Aytekin Mindan ziyarette bulundu. Yar\u0131\u015fmaya kat\u0131lan 250 sporcu aras\u0131ndan g\u00f6sterdi\u011fi ba\u015far\u0131 ile Ayd\u0131n\u2019\u0131n gururu olan Nisan Ada Balkan, desteklerinden dolay\u0131 Ayd\u0131n B\u00fcy\u00fck\u015fehir Belediye Ba\u015fkan\u0131 \u00d6zlem \u00c7er\u00e7io\u011flu\u2019na te\u015fekk\u00fcr etti. Efeler il\u00e7esi Kemer Mahallesi\u2019nde bulunan B\u00fcy\u00fck\u015fehir Belediyesi Atat\u00fcrk Spor Kompleksi\u2019nde sa\u011flanan imkanlar ve ger\u00e7ekle\u015ftirilen antrenmanlar ile Milli Tak\u0131ma girmeye hak kazand\u0131\u011f\u0131n\u0131 belirten Balkan, &#8220;Antrenmanlar\u0131m\u0131z\u0131 Atat\u00fcrk Spor Kompleksi\u2019nde yap\u0131yoruz. Yar\u0131\u015flar 50 metrelik havuzlarda yap\u0131l\u0131yor; Ku\u015fadas\u0131\u2019nda 25 metrelik k\u00fc\u00e7\u00fck bir havuzda y\u00fczme imkan\u0131m\u0131z var o y\u00fczden Atat\u00fcrk Spor Kompleksi\u2019nde bulunan 50 metrelik havuz bize kendimizi geli\u015ftirmek ad\u0131na baya\u011f\u0131 bir katk\u0131 sa\u011fl\u0131yor. Ba\u015far\u0131m\u0131z, Ayd\u0131n\u0131m\u0131z\u0131 temsil etmek bizlere gurur veriyor. \u00d6zlem Ba\u015fkan\u0131m\u0131za \u00e7ok te\u015fekk\u00fcr ederiz, ger\u00e7ekten Atat\u00fcrk Spor Kompleksi \u00e7ok g\u00fczel. Bir tesiste arad\u0131\u011f\u0131m\u0131z her \u015feyi burada bulabiliyoruz&#8221; diye konu\u015ftu.<\/p>\n<p>Gelece\u011fin \u015fampiyonlar\u0131 Ayd\u0131n B\u00fcy\u00fck\u015fehir Belediyesi\u2019nin destekleri ile yeti\u015fiyor<br \/>\n<br \/>Y\u00fczlerce sporcuya ev sahipli\u011fi yapan Atat\u00fcrk Spor Kompleksi, tam ve yar\u0131 olimpik havuzu yan yana bulundurmas\u0131 ile gelece\u011fin \u015fampiyonlar\u0131n\u0131n tercihi oluyor. Ayd\u0131n\u2019da kara antrenmanlar\u0131na imkan sa\u011flayan tek tesis olan Atat\u00fcrk Spor Kompleksi, a\u00e7\u0131k havuzun yan\u0131 s\u0131ra kapal\u0131 havuzuyla k\u0131\u015f aylar\u0131nda da antrenman yapma imkan\u0131 sa\u011fl\u0131yor. Milli Tak\u0131ma ve uluslararas\u0131 \u015fampiyonalara haz\u0131rlanan sporcular, Atat\u00fcrk Spor Kompleksi\u2019nde profesyonel e\u011fitmenlerin e\u015fli\u011finde rahatl\u0131kla antrenman yapabiliyor.<\/p>\n<p>Ayd\u0131n B\u00fcy\u00fck\u015fehir Belediye Ba\u015fkan\u0131 \u00d6zlem \u00c7er\u00e7io\u011flu taraf\u0131ndan kente kazand\u0131r\u0131lan Atat\u00fcrk Spor Kompleksi\u2019nden memnuniyet duyduklar\u0131n\u0131, tesisin Ayd\u0131n\u2019a kazand\u0131r\u0131lmas\u0131n\u0131n ard\u0131ndan kent genelinde y\u00fczme kul\u00fcplerinin yayg\u0131nla\u015ft\u0131\u011f\u0131n\u0131 belirten Mindan, &#8220;Ayd\u0131n\u2019da 50 metrelik havuzda \u00e7al\u0131\u015fma imkan\u0131 sadece Atat\u00fcrk Spor Kompleksi\u2019nde var. Biz \u00f6zellikle yaz aylar\u0131nda a\u00e7\u0131k havuzdan faydalan\u0131yoruz, yeri geliyor kapal\u0131 havuzdan faydalan\u0131yoruz. Nazilli\u2019den, Ku\u015fadas\u0131\u2019ndan ve di\u011fer il\u00e7elerimizden b\u00fct\u00fcn sporcular\u0131m\u0131z\u0131 Atat\u00fcrk Spor Kompleksi\u2019ne getiriyoruz, antrenman yapt\u0131r\u0131yoruz. Ayd\u0131n\u2019da hem y\u00fczme antrenmanlar\u0131 ger\u00e7ekle\u015ftirilebilen hem de fitness yap\u0131labilen tek tesis Atat\u00fcrk Spor Kompleksi. Biz Atat\u00fcrk Spor Kompleksi\u2019nden \u00e7ok memnunuz&#8221; dedi.<\/p>\n<p>&#8220;Gen\u00e7 sporculara desteklerimiz devam edecek&#8221;<br \/>\n<br \/>B\u00fcy\u00fck\u015fehir Belediyesi taraf\u0131ndan gen\u00e7 sporculara y\u00f6nelik ger\u00e7ekle\u015ftirilen desteklerinin devam edece\u011fini belirten Ba\u015fkan \u00c7er\u00e7io\u011flu, &#8220;Hocam\u0131z\u0131n ve de\u011ferli sporcu k\u0131z\u0131m\u0131z\u0131n ba\u015far\u0131lar\u0131n\u0131n devam\u0131n\u0131 dilerim. Altyap\u0131da bulunan sporcular\u0131m\u0131z\u0131 desteklemeye devam edece\u011fiz. Bizlerin amac\u0131 Milli Tak\u0131ma sporcu yeti\u015ftirmekti, bunu ger\u00e7ekle\u015ftirmenin mutlulu\u011fu i\u00e7indeyim. Buradaki en b\u00fcy\u00fck ba\u015far\u0131 tabii ki hocam\u0131z\u0131n, k\u0131z\u0131m\u0131z\u0131n ve ailesinin, kendilerini tebrik ederim; Nisan Ada, Ayd\u0131n\u0131m\u0131z\u0131 olimpiyatlarda temsil edecek&#8221; ifadelerini kulland\u0131.<br \/><\/p>\n","protected":false},"excerpt":{"rendered":"<p>Ayd\u0131n B\u00fcy\u00fck\u015fehir Belediyesi Atat\u00fcrk Spor Kompleksi\u2019nde ger\u00e7ekle\u015ftirilen e\u011fitimler ile milli tak\u0131ma giren gen\u00e7 y\u00fcz\u00fcc\u00fc Nisan Ada Balkan, B\u00fcy\u00fck\u015fehir Belediye Ba\u015fkan\u0131 \u00d6zlem \u00c7er\u00e7io\u011flu\u2019nu makam\u0131nda ziyaret etti. Ayd\u0131n B\u00fcy\u00fck\u015fehir Belediye Ba\u015fkan\u0131 \u00d6zlem \u00c7er\u00e7io\u011flu\u2019na, Grand Prix Burgas 2025 Uluslararas\u0131 Y\u00fczme \u015eampiyonas\u0131 13-14 ya\u015f kategorisinde 3\u2019\u00fcnc\u00fc olan Y\u00fczme Milli Tak\u0131m\u0131 sporcusu Nisan Ada Balkan ile Antren\u00f6r Aytekin Mindan ziyarette&#8230;<\/p>\n","protected":false},"author":1,"featured_media":34884,"comment_status":"open","ping_status":"open","sticky":false,"template":"","format":"standard","meta":{"_crdt_document":"","footnotes":""},"categories":[4],"tags":[],"class_list":["post-34883","post","type-post","status-publish","format-standard","has-post-thumbnail","hentry","category-spor"],"_links":{"self":[{"href":"https:\/\/www.egemtv.com\/index.php?rest_route=\/wp\/v2\/posts\/34883","targetHints":{"allow":["GET"]}}],"collection":[{"href":"https:\/\/www.egemtv.com\/index.php?rest_route=\/wp\/v2\/posts"}],"about":[{"href":"https:\/\/www.egemtv.com\/index.php?rest_route=\/wp\/v2\/types\/post"}],"author":[{"embeddable":true,"href":"https:\/\/www.egemtv.com\/index.php?rest_route=\/wp\/v2\/users\/1"}],"replies":[{"embeddable":true,"href":"https:\/\/www.egemtv.com\/index.php?rest_route=%2Fwp%2Fv2%2Fcomments&post=34883"}],"version-history":[{"count":1,"href":"https:\/\/www.egemtv.com\/index.php?rest_route=\/wp\/v2\/posts\/34883\/revisions"}],"predecessor-version":[{"id":34885,"href":"https:\/\/www.egemtv.com\/index.php?rest_route=\/wp\/v2\/posts\/34883\/revisions\/34885"}],"wp:featuredmedia":[{"embeddable":true,"href":"https:\/\/www.egemtv.com\/index.php?rest_route=\/wp\/v2\/media\/34884"}],"wp:attachment":[{"href":"https:\/\/www.egemtv.com\/index.php?rest_route=%2Fwp%2Fv2%2Fmedia&parent=34883"}],"wp:term":[{"taxonomy":"category","embeddable":true,"href":"https:\/\/www.egemtv.com\/index.php?rest_route=%2Fwp%2Fv2%2Fcategories&post=34883"},{"taxonomy":"post_tag","embeddable":true,"href":"https:\/\/www.egemtv.com\/index.php?rest_route=%2Fwp%2Fv2%2Ftags&post=34883"}],"curies":[{"name":"wp","href":"https:\/\/api.w.org\/{rel}","templated":true}]}}