{"id":34880,"date":"2025-06-13T16:55:16","date_gmt":"2025-06-13T13:55:16","guid":{"rendered":"https:\/\/www.egemtv.com\/?p=34880"},"modified":"2025-06-13T16:55:20","modified_gmt":"2025-06-13T13:55:20","slug":"merkezefendi-belediyesi-5-toplu-sunnet-kayitlari-devam-ediyor","status":"publish","type":"post","link":"https:\/\/www.egemtv.com\/?p=34880","title":{"rendered":"Merkezefendi Belediyesi 5. Toplu S\u00fcnnet kay\u0131tlar\u0131 devam ediyor"},"content":{"rendered":"<p>Merkezefendi Belediyesi taraf\u0131ndan bu y\u0131l be\u015fincisi d\u00fczenlenecek olan toplu s\u00fcnnet i\u00e7in kay\u0131tlar devam ediyor. Ba\u015fkan Do\u011fan, &#8220;\u0130l\u00e7emizde f\u0131rsat e\u015fitli\u011fi i\u00e7in \u00e7al\u0131\u015f\u0131yoruz. Gelece\u011fimiz olan \u00e7ocuklar\u0131m\u0131z i\u00e7in \u00e7al\u0131\u015fmaya devam edece\u011fiz&#8221; dedi.<br \/>\n<br \/>Merkezefendi Belediyesi\u2019nce daha \u00f6nce d\u00f6rt kez d\u00fczenlenen toplu s\u00fcnnet etkinli\u011finin be\u015fincisi bu y\u0131l ger\u00e7ekle\u015ftirilecek. Merkezefendi\u2019de ikamet eden dar gelirli ailelerin 5 ya\u015f ve \u00fczeri erkek \u00e7ocuklar\u0131n\u0131n faydalanabilece\u011fi toplu s\u00fcnnete kay\u0131t ba\u015fvurular\u0131 devam ediyor. 15 Haziran Pazar g\u00fcn\u00fcne kadar devam edecek olan ba\u015fvurular https:\/\/www.merkezefendi.bel.tr\/sunnet\/ adresi \u00fczerinden yap\u0131lacak. Detayl\u0131 bilgi almak isteyen Merkezefendili vatanda\u015flar 444 8 662 numaral\u0131 \u00e7a\u011fr\u0131 merkezini arayarak bilgi alabilir.<br \/><\/p>\n","protected":false},"excerpt":{"rendered":"<p>Merkezefendi Belediyesi taraf\u0131ndan bu y\u0131l be\u015fincisi d\u00fczenlenecek olan toplu s\u00fcnnet i\u00e7in kay\u0131tlar devam ediyor. Ba\u015fkan Do\u011fan, &#8220;\u0130l\u00e7emizde f\u0131rsat e\u015fitli\u011fi i\u00e7in \u00e7al\u0131\u015f\u0131yoruz. Gelece\u011fimiz olan \u00e7ocuklar\u0131m\u0131z i\u00e7in \u00e7al\u0131\u015fmaya devam edece\u011fiz&#8221; dedi. Merkezefendi Belediyesi\u2019nce daha \u00f6nce d\u00f6rt kez d\u00fczenlenen toplu s\u00fcnnet etkinli\u011finin be\u015fincisi bu y\u0131l ger\u00e7ekle\u015ftirilecek. Merkezefendi\u2019de ikamet eden dar gelirli ailelerin 5 ya\u015f ve \u00fczeri erkek \u00e7ocuklar\u0131n\u0131n&#8230;<\/p>\n","protected":false},"author":1,"featured_media":34881,"comment_status":"open","ping_status":"open","sticky":false,"template":"","format":"standard","meta":{"_crdt_document":"","footnotes":""},"categories":[123],"tags":[],"class_list":["post-34880","post","type-post","status-publish","format-standard","has-post-thumbnail","hentry","category-gundem"],"_links":{"self":[{"href":"https:\/\/www.egemtv.com\/index.php?rest_route=\/wp\/v2\/posts\/34880","targetHints":{"allow":["GET"]}}],"collection":[{"href":"https:\/\/www.egemtv.com\/index.php?rest_route=\/wp\/v2\/posts"}],"about":[{"href":"https:\/\/www.egemtv.com\/index.php?rest_route=\/wp\/v2\/types\/post"}],"author":[{"embeddable":true,"href":"https:\/\/www.egemtv.com\/index.php?rest_route=\/wp\/v2\/users\/1"}],"replies":[{"embeddable":true,"href":"https:\/\/www.egemtv.com\/index.php?rest_route=%2Fwp%2Fv2%2Fcomments&post=34880"}],"version-history":[{"count":1,"href":"https:\/\/www.egemtv.com\/index.php?rest_route=\/wp\/v2\/posts\/34880\/revisions"}],"predecessor-version":[{"id":34882,"href":"https:\/\/www.egemtv.com\/index.php?rest_route=\/wp\/v2\/posts\/34880\/revisions\/34882"}],"wp:featuredmedia":[{"embeddable":true,"href":"https:\/\/www.egemtv.com\/index.php?rest_route=\/wp\/v2\/media\/34881"}],"wp:attachment":[{"href":"https:\/\/www.egemtv.com\/index.php?rest_route=%2Fwp%2Fv2%2Fmedia&parent=34880"}],"wp:term":[{"taxonomy":"category","embeddable":true,"href":"https:\/\/www.egemtv.com\/index.php?rest_route=%2Fwp%2Fv2%2Fcategories&post=34880"},{"taxonomy":"post_tag","embeddable":true,"href":"https:\/\/www.egemtv.com\/index.php?rest_route=%2Fwp%2Fv2%2Ftags&post=34880"}],"curies":[{"name":"wp","href":"https:\/\/api.w.org\/{rel}","templated":true}]}}