{"id":34877,"date":"2025-06-13T16:55:14","date_gmt":"2025-06-13T13:55:14","guid":{"rendered":"https:\/\/www.egemtv.com\/?p=34877"},"modified":"2025-06-13T16:55:16","modified_gmt":"2025-06-13T13:55:16","slug":"manisada-ureticilere-yangin-uyarisi","status":"publish","type":"post","link":"https:\/\/www.egemtv.com\/?p=34877","title":{"rendered":"Manisa\u2019da \u00fcreticilere yang\u0131n uyar\u0131s\u0131"},"content":{"rendered":"<p>Manisa\u2019n\u0131n Salihli il\u00e7esindeki Tar\u0131m ve Orman M\u00fcd\u00fcrl\u00fc\u011f\u00fc, yaz mevsimiyle birlikte artan yang\u0131n riskine kar\u015f\u0131 \u00e7ift\u00e7ileri uyard\u0131. M\u00fcd\u00fcrl\u00fckten yap\u0131lan a\u00e7\u0131klamada, ikinci \u00fcr\u00fcn ekilmeyecek alanlarda al\u0131nmas\u0131 gereken \u00f6nlemlere dikkat \u00e7ekildi.<br \/>\n<br \/>M\u00fcd\u00fcrl\u00fck, yang\u0131nlar\u0131n tarladan tarlaya ge\u00e7me ihtimaline kar\u015f\u0131 \u00fcreticilerin hububat tarlalar\u0131n\u0131n \u00e7evresinde 5-6 metre geni\u015fli\u011finde emniyet band\u0131 olu\u015fturmalar\u0131 gerekti\u011fini vurgulad\u0131.<br \/>\n<br \/>Yap\u0131lan a\u00e7\u0131klamada, &#8220;Topra\u011f\u0131m\u0131z\u0131n ve ormanlar\u0131m\u0131z\u0131n gelece\u011fi i\u00e7in bu \u00f6nlem b\u00fcy\u00fck \u00f6nem ta\u015f\u0131maktad\u0131r. Yang\u0131nlar\u0131n yay\u0131lmas\u0131n\u0131 \u00f6nlemek amac\u0131yla t\u00fcm \u00fcreticilerimizin belirtilen geni\u015flikte tarlalar\u0131n\u0131n kenarlar\u0131n\u0131 s\u00fcrerek \u00f6nlem almalar\u0131 ve yasa\u011fa uymalar\u0131 \u00f6nemle rica olunur.&#8221; denildi.<br \/>\n<br \/>Salihli \u0130l\u00e7e Tar\u0131m ve Orman M\u00fcd\u00fcrl\u00fc\u011f\u00fc, \u00fcreticilerin hassasiyet g\u00f6stermesi halinde hem tar\u0131m arazilerinin hem de \u00e7evredeki ormanlar\u0131n b\u00fcy\u00fck \u00f6l\u00e7\u00fcde korunabilece\u011fini belirtti.<br \/><\/p>\n","protected":false},"excerpt":{"rendered":"<p>Manisa\u2019n\u0131n Salihli il\u00e7esindeki Tar\u0131m ve Orman M\u00fcd\u00fcrl\u00fc\u011f\u00fc, yaz mevsimiyle birlikte artan yang\u0131n riskine kar\u015f\u0131 \u00e7ift\u00e7ileri uyard\u0131. M\u00fcd\u00fcrl\u00fckten yap\u0131lan a\u00e7\u0131klamada, ikinci \u00fcr\u00fcn ekilmeyecek alanlarda al\u0131nmas\u0131 gereken \u00f6nlemlere dikkat \u00e7ekildi. M\u00fcd\u00fcrl\u00fck, yang\u0131nlar\u0131n tarladan tarlaya ge\u00e7me ihtimaline kar\u015f\u0131 \u00fcreticilerin hububat tarlalar\u0131n\u0131n \u00e7evresinde 5-6 metre geni\u015fli\u011finde emniyet band\u0131 olu\u015fturmalar\u0131 gerekti\u011fini vurgulad\u0131. Yap\u0131lan a\u00e7\u0131klamada, &#8220;Topra\u011f\u0131m\u0131z\u0131n ve ormanlar\u0131m\u0131z\u0131n gelece\u011fi i\u00e7in bu&#8230;<\/p>\n","protected":false},"author":1,"featured_media":34878,"comment_status":"open","ping_status":"open","sticky":false,"template":"","format":"standard","meta":{"_crdt_document":"","footnotes":""},"categories":[1],"tags":[],"class_list":["post-34877","post","type-post","status-publish","format-standard","has-post-thumbnail","hentry","category-guncel"],"_links":{"self":[{"href":"https:\/\/www.egemtv.com\/index.php?rest_route=\/wp\/v2\/posts\/34877","targetHints":{"allow":["GET"]}}],"collection":[{"href":"https:\/\/www.egemtv.com\/index.php?rest_route=\/wp\/v2\/posts"}],"about":[{"href":"https:\/\/www.egemtv.com\/index.php?rest_route=\/wp\/v2\/types\/post"}],"author":[{"embeddable":true,"href":"https:\/\/www.egemtv.com\/index.php?rest_route=\/wp\/v2\/users\/1"}],"replies":[{"embeddable":true,"href":"https:\/\/www.egemtv.com\/index.php?rest_route=%2Fwp%2Fv2%2Fcomments&post=34877"}],"version-history":[{"count":1,"href":"https:\/\/www.egemtv.com\/index.php?rest_route=\/wp\/v2\/posts\/34877\/revisions"}],"predecessor-version":[{"id":34879,"href":"https:\/\/www.egemtv.com\/index.php?rest_route=\/wp\/v2\/posts\/34877\/revisions\/34879"}],"wp:featuredmedia":[{"embeddable":true,"href":"https:\/\/www.egemtv.com\/index.php?rest_route=\/wp\/v2\/media\/34878"}],"wp:attachment":[{"href":"https:\/\/www.egemtv.com\/index.php?rest_route=%2Fwp%2Fv2%2Fmedia&parent=34877"}],"wp:term":[{"taxonomy":"category","embeddable":true,"href":"https:\/\/www.egemtv.com\/index.php?rest_route=%2Fwp%2Fv2%2Fcategories&post=34877"},{"taxonomy":"post_tag","embeddable":true,"href":"https:\/\/www.egemtv.com\/index.php?rest_route=%2Fwp%2Fv2%2Ftags&post=34877"}],"curies":[{"name":"wp","href":"https:\/\/api.w.org\/{rel}","templated":true}]}}