{"id":34874,"date":"2025-06-13T16:35:03","date_gmt":"2025-06-13T13:35:03","guid":{"rendered":"https:\/\/www.egemtv.com\/?p=34874"},"modified":"2025-06-13T16:35:10","modified_gmt":"2025-06-13T13:35:10","slug":"baskan-akin-tum-imkanimiz-ve-gucumuzle-turgutlu-icin-calisiyoruz","status":"publish","type":"post","link":"https:\/\/www.egemtv.com\/?p=34874","title":{"rendered":"Ba\u015fkan Ak\u0131n: &#8220;T\u00fcm imkan\u0131m\u0131z ve g\u00fcc\u00fcm\u00fczle Turgutlu i\u00e7in \u00e7al\u0131\u015f\u0131yoruz&#8221;"},"content":{"rendered":"<p>Turgutlu Belediye Ba\u015fkan\u0131 \u00c7etin Ak\u0131n, yap\u0131m\u0131 devam eden Ekrem G\u00fcrel K\u00fclt\u00fcr Merkezi ile imar uygulamalar\u0131 neticesinde belediyeye kazand\u0131r\u0131lan alanlarda incelemeler ger\u00e7ekle\u015ftirdi.<br \/>\n<br \/>Turgutlu Belediyesi taraf\u0131ndan kente kazand\u0131r\u0131lan projeleri ve y\u00fcr\u00fct\u00fclen \u00e7al\u0131\u015fmalar\u0131 yak\u0131n markajda takip eden Ba\u015fkan \u00c7etin Ak\u0131n, haftan\u0131n son mesai g\u00fcn\u00fcnde sahadayd\u0131. Ba\u015fkan \u00c7etin Ak\u0131n ilk olarak, tamamland\u0131\u011f\u0131nda kentin b\u00fcy\u00fck bir eksi\u011fini ortadan kald\u0131rarak k\u00fclt\u00fcr sanat etkinliklerinin yeni merkezi olacak Ekrem G\u00fcrel K\u00fclt\u00fcr Merkezinde devam eden \u00e7al\u0131\u015fmalar\u0131 inceledi. \u00c7al\u0131\u015fmalar\u0131n son a\u015famalar\u0131 ve s\u00fcre\u00e7 hakk\u0131nda ekiplerden bilgi alan Ba\u015fkan Ak\u0131n isti\u015farelerde bulundu.<\/p>\n<p>Belediyeye kazand\u0131r\u0131lan alanlar incelendi<br \/>\n<br \/>Ba\u015fkan Ak\u0131n\u2019\u0131n Ekrem G\u00fcrel Merkezinden sonraki dura\u011f\u0131 ise imar uygulamalar\u0131 sonucunda belediyeye kazand\u0131r\u0131lan alanlarda oldu. S\u00f6z konusu alanlarda yap\u0131lmas\u0131 planlanan projeler ve \u00e7al\u0131\u015fmalar hakk\u0131nda g\u00f6r\u00fc\u015fmeler yap\u0131ld\u0131.<br \/>\n<br \/>&#8220;T\u00fcm imkan\u0131m\u0131z ve g\u00fcc\u00fcm\u00fczle Turgutlu\u2019muz i\u00e7in \u00e7al\u0131\u015fmaya devam ediyoruz&#8221; diyen Ba\u015fkan \u00c7etin Ak\u0131n, &#8220;Ekrem G\u00fcrel K\u00fclt\u00fcr Merkezi\u2019mizde sona yakla\u015fan \u00e7al\u0131\u015fmalar\u0131m\u0131z\u0131 yerinde inceledik. Merkezimiz; modern mimarisi, tiyatro salonu ve fuaye alanlar\u0131yla kentimizin b\u00fcy\u00fck bir eksi\u011fini ortadan kald\u0131racak. K\u00fclt\u00fcr ve sanat hayat\u0131na yeni bir soluk getirecek, her ya\u015ftan yurtta\u015f\u0131m\u0131z i\u00e7in bulu\u015fma noktas\u0131 olacak. Ekrem G\u00fcrel Merkezimizin ard\u0131ndan imar uygulamalar\u0131 sonucunda belediyemize kazand\u0131r\u0131lan alanlarda incelemelerimizi ger\u00e7ekle\u015ftirdik. S\u00f6z konusu alanlarda yapabilece\u011fimiz \u00e7al\u0131\u015fma ve projeler hakk\u0131nda de\u011ferlendirmelerimizi yapt\u0131k&#8221; \u015feklinde a\u00e7\u0131klama yapt\u0131.<br \/><\/p>\n","protected":false},"excerpt":{"rendered":"<p>Turgutlu Belediye Ba\u015fkan\u0131 \u00c7etin Ak\u0131n, yap\u0131m\u0131 devam eden Ekrem G\u00fcrel K\u00fclt\u00fcr Merkezi ile imar uygulamalar\u0131 neticesinde belediyeye kazand\u0131r\u0131lan alanlarda incelemeler ger\u00e7ekle\u015ftirdi. Turgutlu Belediyesi taraf\u0131ndan kente kazand\u0131r\u0131lan projeleri ve y\u00fcr\u00fct\u00fclen \u00e7al\u0131\u015fmalar\u0131 yak\u0131n markajda takip eden Ba\u015fkan \u00c7etin Ak\u0131n, haftan\u0131n son mesai g\u00fcn\u00fcnde sahadayd\u0131. Ba\u015fkan \u00c7etin Ak\u0131n ilk olarak, tamamland\u0131\u011f\u0131nda kentin b\u00fcy\u00fck bir eksi\u011fini ortadan kald\u0131rarak k\u00fclt\u00fcr&#8230;<\/p>\n","protected":false},"author":1,"featured_media":34875,"comment_status":"open","ping_status":"open","sticky":false,"template":"","format":"standard","meta":{"_crdt_document":"","footnotes":""},"categories":[127],"tags":[],"class_list":["post-34874","post","type-post","status-publish","format-standard","has-post-thumbnail","hentry","category-siyaset"],"_links":{"self":[{"href":"https:\/\/www.egemtv.com\/index.php?rest_route=\/wp\/v2\/posts\/34874","targetHints":{"allow":["GET"]}}],"collection":[{"href":"https:\/\/www.egemtv.com\/index.php?rest_route=\/wp\/v2\/posts"}],"about":[{"href":"https:\/\/www.egemtv.com\/index.php?rest_route=\/wp\/v2\/types\/post"}],"author":[{"embeddable":true,"href":"https:\/\/www.egemtv.com\/index.php?rest_route=\/wp\/v2\/users\/1"}],"replies":[{"embeddable":true,"href":"https:\/\/www.egemtv.com\/index.php?rest_route=%2Fwp%2Fv2%2Fcomments&post=34874"}],"version-history":[{"count":1,"href":"https:\/\/www.egemtv.com\/index.php?rest_route=\/wp\/v2\/posts\/34874\/revisions"}],"predecessor-version":[{"id":34876,"href":"https:\/\/www.egemtv.com\/index.php?rest_route=\/wp\/v2\/posts\/34874\/revisions\/34876"}],"wp:featuredmedia":[{"embeddable":true,"href":"https:\/\/www.egemtv.com\/index.php?rest_route=\/wp\/v2\/media\/34875"}],"wp:attachment":[{"href":"https:\/\/www.egemtv.com\/index.php?rest_route=%2Fwp%2Fv2%2Fmedia&parent=34874"}],"wp:term":[{"taxonomy":"category","embeddable":true,"href":"https:\/\/www.egemtv.com\/index.php?rest_route=%2Fwp%2Fv2%2Fcategories&post=34874"},{"taxonomy":"post_tag","embeddable":true,"href":"https:\/\/www.egemtv.com\/index.php?rest_route=%2Fwp%2Fv2%2Ftags&post=34874"}],"curies":[{"name":"wp","href":"https:\/\/api.w.org\/{rel}","templated":true}]}}