{"id":34871,"date":"2025-06-13T16:34:56","date_gmt":"2025-06-13T13:34:56","guid":{"rendered":"https:\/\/www.egemtv.com\/?p=34871"},"modified":"2025-06-13T16:35:03","modified_gmt":"2025-06-13T13:35:03","slug":"baskan-gencay-daha-guzel-bir-didim-icin-calisiyoruz-2","status":"publish","type":"post","link":"https:\/\/www.egemtv.com\/?p=34871","title":{"rendered":"Ba\u015fkan Gen\u00e7ay: &#8220;Daha g\u00fczel bir Didim i\u00e7in \u00e7al\u0131\u015f\u0131yoruz&#8221;"},"content":{"rendered":"<p>Didim Belediyesi\u2019nden Efeler Mahallesi\u2019nde yaya g\u00fcvenli\u011fi ve estetik dokunu\u015flara y\u00f6nelik kald\u0131r\u0131m yenileme ger\u00e7ekle\u015ftirilirken Belediye Ba\u015fkan\u0131 Hatice Gen\u00e7ay; &#8220;Daha g\u00fczel bir Didim i\u00e7in \u00e7al\u0131\u015f\u0131yoruz&#8221; dedi.<\/p>\n<p>Didim Belediyesi, kent esteti\u011fini g\u00fc\u00e7lendirmek ve yaya g\u00fcvenli\u011fini art\u0131rmak amac\u0131yla \u00e7al\u0131\u015fmalar\u0131n\u0131 aral\u0131ks\u0131z s\u00fcrd\u00fcr\u00fcyor. Bu kapsamda, Fen \u0130\u015fleri M\u00fcd\u00fcrl\u00fc\u011f\u00fc ekipleri taraf\u0131ndan Efeler Mahallesi\u2019nde kapsaml\u0131 kald\u0131r\u0131m yenileme \u00e7al\u0131\u015fmalar\u0131 ger\u00e7ekle\u015ftirildi. Yap\u0131lan \u00e7al\u0131\u015fmalar kapsam\u0131nda mevcut kald\u0131r\u0131mlarda bak\u0131m, onar\u0131m ve yenileme i\u015flemleri tamamlan\u0131rken, kald\u0131r\u0131mlar hem daha kullan\u0131\u015fl\u0131 hem de daha estetik hale getirildi.<\/p>\n<p>Konuya ili\u015fkin de\u011ferlendirmelerde bulunan Didim Belediye Ba\u015fkan\u0131 Hatice Gen\u00e7ay, &#8220;Didim\u2019de ya\u015fayan t\u00fcm vatanda\u015flar\u0131m\u0131z i\u00e7in daha g\u00fcvenli ve ya\u015fanabilir alanlar olu\u015fturmak en temel \u00f6nceli\u011fimiz. Bu do\u011frultuda Efeler Mahallemizde y\u00fcr\u00fctt\u00fc\u011f\u00fcm\u00fcz kald\u0131r\u0131m \u00e7al\u0131\u015fmalar\u0131m\u0131z\u0131 tamamlad\u0131k. Planl\u0131 bir program dahilinde di\u011fer mahallelerimizde de \u00e7al\u0131\u015fmalar\u0131m\u0131za devam edece\u011fiz. Daha g\u00fczel bir Didim i\u00e7in hep birlikte \u00e7al\u0131\u015f\u0131yoruz&#8221; ifadelerini kulland\u0131.<br \/><\/p>\n","protected":false},"excerpt":{"rendered":"<p>Didim Belediyesi\u2019nden Efeler Mahallesi\u2019nde yaya g\u00fcvenli\u011fi ve estetik dokunu\u015flara y\u00f6nelik kald\u0131r\u0131m yenileme ger\u00e7ekle\u015ftirilirken Belediye Ba\u015fkan\u0131 Hatice Gen\u00e7ay; &#8220;Daha g\u00fczel bir Didim i\u00e7in \u00e7al\u0131\u015f\u0131yoruz&#8221; dedi. Didim Belediyesi, kent esteti\u011fini g\u00fc\u00e7lendirmek ve yaya g\u00fcvenli\u011fini art\u0131rmak amac\u0131yla \u00e7al\u0131\u015fmalar\u0131n\u0131 aral\u0131ks\u0131z s\u00fcrd\u00fcr\u00fcyor. Bu kapsamda, Fen \u0130\u015fleri M\u00fcd\u00fcrl\u00fc\u011f\u00fc ekipleri taraf\u0131ndan Efeler Mahallesi\u2019nde kapsaml\u0131 kald\u0131r\u0131m yenileme \u00e7al\u0131\u015fmalar\u0131 ger\u00e7ekle\u015ftirildi. Yap\u0131lan \u00e7al\u0131\u015fmalar kapsam\u0131nda mevcut&#8230;<\/p>\n","protected":false},"author":1,"featured_media":34872,"comment_status":"open","ping_status":"open","sticky":false,"template":"","format":"standard","meta":{"_crdt_document":"","footnotes":""},"categories":[1],"tags":[],"class_list":["post-34871","post","type-post","status-publish","format-standard","has-post-thumbnail","hentry","category-guncel"],"_links":{"self":[{"href":"https:\/\/www.egemtv.com\/index.php?rest_route=\/wp\/v2\/posts\/34871","targetHints":{"allow":["GET"]}}],"collection":[{"href":"https:\/\/www.egemtv.com\/index.php?rest_route=\/wp\/v2\/posts"}],"about":[{"href":"https:\/\/www.egemtv.com\/index.php?rest_route=\/wp\/v2\/types\/post"}],"author":[{"embeddable":true,"href":"https:\/\/www.egemtv.com\/index.php?rest_route=\/wp\/v2\/users\/1"}],"replies":[{"embeddable":true,"href":"https:\/\/www.egemtv.com\/index.php?rest_route=%2Fwp%2Fv2%2Fcomments&post=34871"}],"version-history":[{"count":1,"href":"https:\/\/www.egemtv.com\/index.php?rest_route=\/wp\/v2\/posts\/34871\/revisions"}],"predecessor-version":[{"id":34873,"href":"https:\/\/www.egemtv.com\/index.php?rest_route=\/wp\/v2\/posts\/34871\/revisions\/34873"}],"wp:featuredmedia":[{"embeddable":true,"href":"https:\/\/www.egemtv.com\/index.php?rest_route=\/wp\/v2\/media\/34872"}],"wp:attachment":[{"href":"https:\/\/www.egemtv.com\/index.php?rest_route=%2Fwp%2Fv2%2Fmedia&parent=34871"}],"wp:term":[{"taxonomy":"category","embeddable":true,"href":"https:\/\/www.egemtv.com\/index.php?rest_route=%2Fwp%2Fv2%2Fcategories&post=34871"},{"taxonomy":"post_tag","embeddable":true,"href":"https:\/\/www.egemtv.com\/index.php?rest_route=%2Fwp%2Fv2%2Ftags&post=34871"}],"curies":[{"name":"wp","href":"https:\/\/api.w.org\/{rel}","templated":true}]}}