{"id":34868,"date":"2025-06-13T16:18:25","date_gmt":"2025-06-13T13:18:25","guid":{"rendered":"https:\/\/www.egemtv.com\/?p=34868"},"modified":"2025-06-13T16:18:31","modified_gmt":"2025-06-13T13:18:31","slug":"merhum-baskan-zeyrek-anisina-hayir-yapildi","status":"publish","type":"post","link":"https:\/\/www.egemtv.com\/?p=34868","title":{"rendered":"Merhum Ba\u015fkan Zeyrek an\u0131s\u0131na hay\u0131r yap\u0131ld\u0131"},"content":{"rendered":"<p>Manisa\u2019n\u0131n Selendi il\u00e7esinde B\u00fcy\u00fck\u015fehir Belediyesi ve MASK\u0130 Personelleri taraf\u0131ndan ge\u00e7irdi\u011fi kaza sonras\u0131 10 Haziran\u2019da hayat\u0131n\u0131 kaybeden Manisa B\u00fcy\u00fck\u015fehir Belediye Ba\u015fkan\u0131 Ferdi Zeyrek\u2019in ruhuna pilav ayran hayr\u0131 d\u00fczenledi.<br \/>\n<br \/>Selendi MASK\u0130 \u0130l\u00e7e Hizmet Binas\u0131 \u00f6n\u00fcnde ger\u00e7ekle\u015ftirilen programda Kur\u2019an-\u0131 Kerim tilaveti yap\u0131ld\u0131, mevlid-i \u015ferif okundu. Vatanda\u015flara dualar e\u015fli\u011finde pilav ayran da\u011f\u0131t\u0131ld\u0131. D\u00fczenlenen pilav ayran hayr\u0131na Selendi Belediye Ba\u015fkan\u0131 Murat Daban ve Belediye Personelleri de kat\u0131ld\u0131. Programda, vatanda\u015flar ellerini semaya a\u00e7arak merhum ba\u015fkan Ferdi Zeyrek i\u00e7in dua etti.<br \/><\/p>\n","protected":false},"excerpt":{"rendered":"<p>Manisa\u2019n\u0131n Selendi il\u00e7esinde B\u00fcy\u00fck\u015fehir Belediyesi ve MASK\u0130 Personelleri taraf\u0131ndan ge\u00e7irdi\u011fi kaza sonras\u0131 10 Haziran\u2019da hayat\u0131n\u0131 kaybeden Manisa B\u00fcy\u00fck\u015fehir Belediye Ba\u015fkan\u0131 Ferdi Zeyrek\u2019in ruhuna pilav ayran hayr\u0131 d\u00fczenledi. Selendi MASK\u0130 \u0130l\u00e7e Hizmet Binas\u0131 \u00f6n\u00fcnde ger\u00e7ekle\u015ftirilen programda Kur\u2019an-\u0131 Kerim tilaveti yap\u0131ld\u0131, mevlid-i \u015ferif okundu. Vatanda\u015flara dualar e\u015fli\u011finde pilav ayran da\u011f\u0131t\u0131ld\u0131. D\u00fczenlenen pilav ayran hayr\u0131na Selendi Belediye Ba\u015fkan\u0131&#8230;<\/p>\n","protected":false},"author":1,"featured_media":34869,"comment_status":"open","ping_status":"open","sticky":false,"template":"","format":"standard","meta":{"_crdt_document":"","footnotes":""},"categories":[1],"tags":[],"class_list":["post-34868","post","type-post","status-publish","format-standard","has-post-thumbnail","hentry","category-guncel"],"_links":{"self":[{"href":"https:\/\/www.egemtv.com\/index.php?rest_route=\/wp\/v2\/posts\/34868","targetHints":{"allow":["GET"]}}],"collection":[{"href":"https:\/\/www.egemtv.com\/index.php?rest_route=\/wp\/v2\/posts"}],"about":[{"href":"https:\/\/www.egemtv.com\/index.php?rest_route=\/wp\/v2\/types\/post"}],"author":[{"embeddable":true,"href":"https:\/\/www.egemtv.com\/index.php?rest_route=\/wp\/v2\/users\/1"}],"replies":[{"embeddable":true,"href":"https:\/\/www.egemtv.com\/index.php?rest_route=%2Fwp%2Fv2%2Fcomments&post=34868"}],"version-history":[{"count":1,"href":"https:\/\/www.egemtv.com\/index.php?rest_route=\/wp\/v2\/posts\/34868\/revisions"}],"predecessor-version":[{"id":34870,"href":"https:\/\/www.egemtv.com\/index.php?rest_route=\/wp\/v2\/posts\/34868\/revisions\/34870"}],"wp:featuredmedia":[{"embeddable":true,"href":"https:\/\/www.egemtv.com\/index.php?rest_route=\/wp\/v2\/media\/34869"}],"wp:attachment":[{"href":"https:\/\/www.egemtv.com\/index.php?rest_route=%2Fwp%2Fv2%2Fmedia&parent=34868"}],"wp:term":[{"taxonomy":"category","embeddable":true,"href":"https:\/\/www.egemtv.com\/index.php?rest_route=%2Fwp%2Fv2%2Fcategories&post=34868"},{"taxonomy":"post_tag","embeddable":true,"href":"https:\/\/www.egemtv.com\/index.php?rest_route=%2Fwp%2Fv2%2Ftags&post=34868"}],"curies":[{"name":"wp","href":"https:\/\/api.w.org\/{rel}","templated":true}]}}