{"id":34865,"date":"2025-06-13T16:18:18","date_gmt":"2025-06-13T13:18:18","guid":{"rendered":"https:\/\/www.egemtv.com\/?p=34865"},"modified":"2025-06-13T16:18:25","modified_gmt":"2025-06-13T13:18:25","slug":"arilar-denizli-sehir-merkezini-istila-etti","status":"publish","type":"post","link":"https:\/\/www.egemtv.com\/?p=34865","title":{"rendered":"Ar\u0131lar Denizli \u015fehir merkezini istila etti"},"content":{"rendered":"<p>Denizli\u2019de kovandan ka\u00e7an krali\u00e7e ar\u0131 \u015fehir merkezine geldi. Krali\u00e7e ar\u0131y\u0131 takip eden di\u011fer bal ar\u0131lar\u0131 Denizli \u00c7\u0131nar Meydan\u0131n\u0131 istila etti.<br \/>\n<br \/>Olay, Denizli\u2019nin Merkezefendi il\u00e7esi Alt\u0131ntop Mahallesi Gazi Mustafa Kemal Bulvar\u0131 \u00fczerinde meydana geldi. Edinilen bilgiye g\u00f6re, bal \u00fcretimi yap\u0131lan kovandan ka\u00e7an krali\u00e7e bal ar\u0131s\u0131 Denizli \u015fehir merkezine geldi. Krali\u00e7eyi takip eden di\u011fer bal ar\u0131lar\u0131 krali\u00e7enin pe\u015finden gelerek \u015fehir merkezini istila etti. Gazi Mustafa Kemal Bulvar\u0131 \u00fczerinde faaliyet g\u00f6steren giyim ma\u011fazas\u0131n\u0131n tabelas\u0131ndaki delikten i\u00e7eriye giren krali\u00e7e ar\u0131n\u0131n etraf\u0131n\u0131 binlerce bal ar\u0131s\u0131 sard\u0131. Bir anda binlerce ar\u0131n\u0131n u\u00e7maya ba\u015flad\u0131\u011f\u0131 bulvarda esnaflar d\u00fckkanlar\u0131n\u0131 kapatmak zorunda kald\u0131. Bulvarda al\u0131\u015fveri\u015f yapan vatanda\u015flar ar\u0131 kolonisi g\u00f6r\u00fcnce b\u00fcy\u00fck korku ya\u015fad\u0131.  Gazi Mustafa Kemal Bulvar\u0131nda esnafl\u0131k yapan ve hobi olarak ar\u0131c\u0131l\u0131k yapan Hasan Uzdere ve Turgut Erturun\u00e7, krali\u00e7e ar\u0131y\u0131 yakalayarak kutu i\u00e7erine ald\u0131. Kutunun i\u00e7erinde ar\u0131lar\u0131 toparlayan ar\u0131c\u0131lar ar\u0131lar\u0131 alarak \u015fehir merkezinden uzakla\u015ft\u0131rd\u0131lar.<br \/>\n<br \/>Ar\u0131lar\u0131 kutu i\u00e7erisine toparlamaya \u00e7al\u0131\u015fan Turgut Erturun\u00e7, &#8220;Sabah d\u00fckkan\u0131 a\u00e7maya geldi\u011fim zaman d\u00fckkan\u0131n tabelas\u0131na y\u0131\u011f\u0131lm\u0131\u015flard\u0131. Yoldan ge\u00e7en birisi gelmi\u015f ar\u0131lar\u0131n yar\u0131s\u0131n\u0131 alm\u0131\u015f yar\u0131s\u0131 kalm\u0131\u015f. Krali\u00e7e ar\u0131y\u0131 almam\u0131\u015f. Belediyenin ekipleri geldi ar\u0131lar\u0131 zehirlemek istediler. Ar\u0131lar\u0131n zehirlenmesine izin vermedik. Kutu getirdik Krali\u00e7e ar\u0131y\u0131 kutu i\u00e7erisine ald\u0131k. Yava\u015f yava\u015f t\u00fcm ar\u0131lar\u0131 kutu i\u00e7erisine alaca\u011f\u0131z&#8221; dedi.<br \/>\n<br \/>Ar\u0131lar\u0131n bal yapma zaman\u0131 oldu\u011fu i\u00e7in insanlara sald\u0131rmayaca\u011f\u0131n\u0131 belirten Hasan Uzkaya, &#8220;Galiba buralara yak\u0131n bir yerde ar\u0131 kolonisi vard\u0131. Ar\u0131lar buraya 3 kilometre kadar uzakl\u0131ktan gelebilirler. Kovandan \u00e7\u0131karak kendilerine yeni bir yuva ararlar. Bunlarda herhalde kovandan \u00e7\u0131karak buraya geldiler levhay\u0131 buldular buray\u0131 ge\u00e7ici olarak s\u0131\u011f\u0131nd\u0131lar, belirli s\u00fcre sonra buradan da giderlerdi. Yoldan ge\u00e7en vatanda\u015flar korkmu\u015f ama korkacak bir \u015fey yok. Bunlar ovul ar\u0131 bunlar\u0131n mideleri bal dolu oldu\u011fu i\u00e7in insana sald\u0131rmazlar sokmazlar&#8221; ifadelerini kulland\u0131.<br \/><\/p>\n","protected":false},"excerpt":{"rendered":"<p>Denizli\u2019de kovandan ka\u00e7an krali\u00e7e ar\u0131 \u015fehir merkezine geldi. Krali\u00e7e ar\u0131y\u0131 takip eden di\u011fer bal ar\u0131lar\u0131 Denizli \u00c7\u0131nar Meydan\u0131n\u0131 istila etti. Olay, Denizli\u2019nin Merkezefendi il\u00e7esi Alt\u0131ntop Mahallesi Gazi Mustafa Kemal Bulvar\u0131 \u00fczerinde meydana geldi. Edinilen bilgiye g\u00f6re, bal \u00fcretimi yap\u0131lan kovandan ka\u00e7an krali\u00e7e bal ar\u0131s\u0131 Denizli \u015fehir merkezine geldi. Krali\u00e7eyi takip eden di\u011fer bal ar\u0131lar\u0131 krali\u00e7enin&#8230;<\/p>\n","protected":false},"author":1,"featured_media":34866,"comment_status":"open","ping_status":"open","sticky":false,"template":"","format":"standard","meta":{"_crdt_document":"","footnotes":""},"categories":[5],"tags":[],"class_list":["post-34865","post","type-post","status-publish","format-standard","has-post-thumbnail","hentry","category-asayis"],"_links":{"self":[{"href":"https:\/\/www.egemtv.com\/index.php?rest_route=\/wp\/v2\/posts\/34865","targetHints":{"allow":["GET"]}}],"collection":[{"href":"https:\/\/www.egemtv.com\/index.php?rest_route=\/wp\/v2\/posts"}],"about":[{"href":"https:\/\/www.egemtv.com\/index.php?rest_route=\/wp\/v2\/types\/post"}],"author":[{"embeddable":true,"href":"https:\/\/www.egemtv.com\/index.php?rest_route=\/wp\/v2\/users\/1"}],"replies":[{"embeddable":true,"href":"https:\/\/www.egemtv.com\/index.php?rest_route=%2Fwp%2Fv2%2Fcomments&post=34865"}],"version-history":[{"count":1,"href":"https:\/\/www.egemtv.com\/index.php?rest_route=\/wp\/v2\/posts\/34865\/revisions"}],"predecessor-version":[{"id":34867,"href":"https:\/\/www.egemtv.com\/index.php?rest_route=\/wp\/v2\/posts\/34865\/revisions\/34867"}],"wp:featuredmedia":[{"embeddable":true,"href":"https:\/\/www.egemtv.com\/index.php?rest_route=\/wp\/v2\/media\/34866"}],"wp:attachment":[{"href":"https:\/\/www.egemtv.com\/index.php?rest_route=%2Fwp%2Fv2%2Fmedia&parent=34865"}],"wp:term":[{"taxonomy":"category","embeddable":true,"href":"https:\/\/www.egemtv.com\/index.php?rest_route=%2Fwp%2Fv2%2Fcategories&post=34865"},{"taxonomy":"post_tag","embeddable":true,"href":"https:\/\/www.egemtv.com\/index.php?rest_route=%2Fwp%2Fv2%2Ftags&post=34865"}],"curies":[{"name":"wp","href":"https:\/\/api.w.org\/{rel}","templated":true}]}}