{"id":34862,"date":"2025-06-13T15:56:39","date_gmt":"2025-06-13T12:56:39","guid":{"rendered":"https:\/\/www.egemtv.com\/?p=34862"},"modified":"2025-06-13T15:56:44","modified_gmt":"2025-06-13T12:56:44","slug":"hisarcik-cumhuriyet-ilkokulunda-okuma-bayrami","status":"publish","type":"post","link":"https:\/\/www.egemtv.com\/?p=34862","title":{"rendered":"Hisarc\u0131k Cumhuriyet \u0130lkokulu\u2019nda okuma bayram\u0131"},"content":{"rendered":"<p>K\u00fctahya\u2019n\u0131n Hisarc\u0131k il\u00e7esi Cumhuriyet \u0130lkokulu\u2019nda 38 birinci s\u0131n\u0131f \u00f6\u011frencisi i\u00e7in okuma bayram\u0131 etkinli\u011fi d\u00fczenlendi.<br \/>\n<br \/>Cumhuriyet \u0130lkokulu\u2019ndaki programa, Okul M\u00fcd\u00fcr\u00fc Ahmet Aydo\u011fdu, M\u00fcd\u00fcr Yard\u0131mc\u0131s\u0131 \u015eerif Ahmet Can, \u00f6\u011fretmen, \u00f6\u011frenci ve veliler kat\u0131ld\u0131. Birinci s\u0131n\u0131f \u00f6\u011frencilerinin okuyup yazma heyecan\u0131n\u0131, sevincini aileleri ve \u00f6\u011fretmenleriyle payla\u015fmalar\u0131na imkan sa\u011flamak amac\u0131yla d\u00fczenlenen okuma bayram\u0131nda minik \u00f6\u011frenciler \u00f6\u011fretmenleri Cemile Aydo\u011fan Karayiyen ve Deniz Karayiyen nezaretinde Birinci S\u0131n\u0131f Mar\u015f\u0131, &#8220;Katmer Katmer&#8221; adl\u0131 g\u00f6steri, dans ve m\u00fczikal g\u00f6steri, ayr\u0131ca &#8220;T\u00fcrkiye\u2019m&#8221; adl\u0131 \u015fark\u0131y\u0131 seslendirdiler.<br \/>\n<br \/>Programda \u00f6\u011frencilerin sundu\u011fu g\u00f6steriler b\u00fcy\u00fck be\u011feni toplad\u0131.<br \/>\n<br \/>Program sonunda okul idarecileri \u00f6\u011frencilerle bir araya gelerek y\u0131l boyunca emek sarf eden \u00f6\u011frencileri tebrik edip, okuma belgelerini verdiler.<br \/><\/p>\n","protected":false},"excerpt":{"rendered":"<p>K\u00fctahya\u2019n\u0131n Hisarc\u0131k il\u00e7esi Cumhuriyet \u0130lkokulu\u2019nda 38 birinci s\u0131n\u0131f \u00f6\u011frencisi i\u00e7in okuma bayram\u0131 etkinli\u011fi d\u00fczenlendi. Cumhuriyet \u0130lkokulu\u2019ndaki programa, Okul M\u00fcd\u00fcr\u00fc Ahmet Aydo\u011fdu, M\u00fcd\u00fcr Yard\u0131mc\u0131s\u0131 \u015eerif Ahmet Can, \u00f6\u011fretmen, \u00f6\u011frenci ve veliler kat\u0131ld\u0131. Birinci s\u0131n\u0131f \u00f6\u011frencilerinin okuyup yazma heyecan\u0131n\u0131, sevincini aileleri ve \u00f6\u011fretmenleriyle payla\u015fmalar\u0131na imkan sa\u011flamak amac\u0131yla d\u00fczenlenen okuma bayram\u0131nda minik \u00f6\u011frenciler \u00f6\u011fretmenleri Cemile Aydo\u011fan Karayiyen ve&#8230;<\/p>\n","protected":false},"author":1,"featured_media":34863,"comment_status":"open","ping_status":"open","sticky":false,"template":"","format":"standard","meta":{"_crdt_document":"","footnotes":""},"categories":[1],"tags":[],"class_list":["post-34862","post","type-post","status-publish","format-standard","has-post-thumbnail","hentry","category-guncel"],"_links":{"self":[{"href":"https:\/\/www.egemtv.com\/index.php?rest_route=\/wp\/v2\/posts\/34862","targetHints":{"allow":["GET"]}}],"collection":[{"href":"https:\/\/www.egemtv.com\/index.php?rest_route=\/wp\/v2\/posts"}],"about":[{"href":"https:\/\/www.egemtv.com\/index.php?rest_route=\/wp\/v2\/types\/post"}],"author":[{"embeddable":true,"href":"https:\/\/www.egemtv.com\/index.php?rest_route=\/wp\/v2\/users\/1"}],"replies":[{"embeddable":true,"href":"https:\/\/www.egemtv.com\/index.php?rest_route=%2Fwp%2Fv2%2Fcomments&post=34862"}],"version-history":[{"count":1,"href":"https:\/\/www.egemtv.com\/index.php?rest_route=\/wp\/v2\/posts\/34862\/revisions"}],"predecessor-version":[{"id":34864,"href":"https:\/\/www.egemtv.com\/index.php?rest_route=\/wp\/v2\/posts\/34862\/revisions\/34864"}],"wp:featuredmedia":[{"embeddable":true,"href":"https:\/\/www.egemtv.com\/index.php?rest_route=\/wp\/v2\/media\/34863"}],"wp:attachment":[{"href":"https:\/\/www.egemtv.com\/index.php?rest_route=%2Fwp%2Fv2%2Fmedia&parent=34862"}],"wp:term":[{"taxonomy":"category","embeddable":true,"href":"https:\/\/www.egemtv.com\/index.php?rest_route=%2Fwp%2Fv2%2Fcategories&post=34862"},{"taxonomy":"post_tag","embeddable":true,"href":"https:\/\/www.egemtv.com\/index.php?rest_route=%2Fwp%2Fv2%2Ftags&post=34862"}],"curies":[{"name":"wp","href":"https:\/\/api.w.org\/{rel}","templated":true}]}}