{"id":34859,"date":"2025-06-13T15:56:35","date_gmt":"2025-06-13T12:56:35","guid":{"rendered":"https:\/\/www.egemtv.com\/?p=34859"},"modified":"2025-06-13T15:56:39","modified_gmt":"2025-06-13T12:56:39","slug":"chp-genel-baskani-ozel-bayburt-mitingi-ile-birlikte-normal-programimiza-donecegiz","status":"publish","type":"post","link":"https:\/\/www.egemtv.com\/?p=34859","title":{"rendered":"CHP Genel Ba\u015fkan\u0131 \u00d6zel: &#8220;Bayburt mitingi ile birlikte normal program\u0131m\u0131za d\u00f6nece\u011fiz&#8221;"},"content":{"rendered":"<p>Cumhuriyet Halk Partisi Genel Ba\u015fkan\u0131 \u00d6zg\u00fcr \u00d6zel, Manisa\u2019da cuma namaz\u0131n\u0131n ard\u0131ndan beraberindeki Memleket Partisi Genel Ba\u015fkan\u0131 Muharrem \u0130nce ile birlikte a\u00e7\u0131klamalarda bulundu. Filistin meselesinin T\u00fcrkiye\u2019nin ulusal meselesi oldu\u011funu kaydeden \u00d6zel, pazar g\u00fcn\u00fc Saadet Partisi taraf\u0131ndan d\u00fczenlenecek olan Filistin ile Dayan\u0131\u015fma Mitingine kat\u0131lacaklar\u0131n\u0131 a\u00e7\u0131klad\u0131.<br \/>\n<br \/>Manisa B\u00fcy\u00fck\u015fehir Belediye Ba\u015fkan\u0131 Ferdi Zeyrek\u2019in taziye program\u0131n\u0131n tamamlanmas\u0131n\u0131n ard\u0131ndan Manisa Lokantac\u0131lar Odas\u0131 eski ba\u015fkanlar\u0131ndan Mehmet Akg\u00fcl taraf\u0131ndan Ferdi Zeyrek i\u00e7in verilen hay\u0131r yeme\u011fine kat\u0131lan CHP Genel Ba\u015fkan\u0131 Hatuniye Camiinde k\u0131ld\u0131\u011f\u0131 cuma namaz\u0131n\u0131n ard\u0131ndan beraberindeki Memleket Partisi Genel Ba\u015fkan\u0131 Muharrem \u0130nce ile birlikte a\u00e7\u0131klamalarda bulundu.<\/p>\n<p>\u0130nce\u2019den ziyaret<br \/>\n<br \/>Cumhuriyet Halk Partisi Lideri \u00d6zg\u00fcr \u00d6zel, &#8220;Bir kez daha hem Manisa yerel bas\u0131n\u0131na, yereldeki ulusal bas\u0131n\u0131n temsilcilerine, hem de d\u0131\u015far\u0131dan gelip burada bir haftadad\u0131r bizi takip eden bas\u0131n emek\u00e7ilerine te\u015fekk\u00fcr ediyoruz. Manisa\u2019n\u0131n yas\u0131n\u0131 T\u00fcrkiye\u2019ye duyurdunuz. T\u00fcrkiye\u2019nin taziyesi de Manisa\u2019ya sizler sayesinde ta\u015f\u0131nd\u0131. B\u00fcy\u00fck emek verdiniz. Bizimle birlikte g\u00fcnd\u00fcz, gece uyumadan \u00e7al\u0131\u015ft\u0131n\u0131z. Bizim normal program\u0131m\u0131zda bug\u00fcn \u00f6\u011flen saatlerinde Memleket Partisi\u2019ni, Say\u0131n Genel Ba\u015fkan Muharrem \u0130nce\u2019yi ziyaret etmek vard\u0131. Hatta o da \u015f\u00f6yle demi\u015fti, g\u00fcn cuma olunca, \u2018Biraz erken gelin. Birlikte yemek yeriz, cumaya da beraber bizim orada gideriz\u2019 demi\u015fti. Kendisi Grup Ba\u015fkanvekiliyken zaman zaman Meclis\u2019te cumaya birlikte giderdik, ben e\u015flik ederdim. Ben de b\u00fcy\u00fck bir memnuniyetle kabul etmi\u015ftim. Program\u0131m\u0131z \u00f6yleydi. Ancak Ferdi Ba\u015fkan\u0131m\u0131z\u0131n vefat\u0131yla b\u00fct\u00fcn programlar iptal olunca cumay\u0131 burada, bizim memleketimizde birlikte k\u0131lmak nasipmi\u015f. B\u00f6yle yapt\u0131k. \u015eimdi de kabri ziyaret edece\u011fiz, aileyi ziyaret edece\u011fiz&#8221; dedi.<\/p>\n<p>&#8220;\u0130srail\u2019i k\u0131nama mitingine kat\u0131laca\u011f\u0131z&#8221;<br \/>\n<br \/>Bir haftad\u0131r b\u00fct\u00fcn programlar\u0131n\u0131 iptal ettiklerini hat\u0131rlatan \u00d6zel, &#8220;Manisa\u2019y\u0131 bir haftad\u0131r takip ediyorsunuz. Biz burada siyaseti m\u00fcmk\u00fcn olan en \u00fcst d\u00fczey nezaketle ve kimse kimseyi d\u0131\u015flamadan, k\u00f6t\u00fc s\u00f6z olmadan, herkesin birbirinin iyi g\u00fcn\u00fcne, k\u00f6t\u00fc g\u00fcn\u00fcne ko\u015ftu\u011fu \u015fekilde yapt\u0131k ve yapmaya da devam ediyoruz. Bug\u00fcn namaz\u0131 yan\u0131m\u0131zda Memleket Partisi\u2019nin Genel Ba\u015fkan\u0131 Muharrem \u0130nce, \u00f6nceki d\u00f6nem Bakan\u0131m\u0131z, hem\u015ferimiz, AK Parti \u0130zmir Milletvekili Muharrem Kasapo\u011flu birlikte k\u0131ld\u0131k. Her ikisi de bug\u00fcn taziye i\u00e7in Manisa\u2019dalar. Birazdan da kabristana hep beraber gidece\u011fiz. Her ikisine ayr\u0131 ayr\u0131 te\u015fekk\u00fcr ediyorum. Bu arada \u00e7ok say\u0131da program iptal ettik. Buradan bug\u00fcn ak\u015fam\u00fcst\u00fc ayr\u0131l\u0131p Bayburt\u2019a gidiyorum. Bayburt\u2019taki miting program\u0131m\u0131zla birlikte art\u0131k normal program\u0131m\u0131za d\u00f6nece\u011fiz. Saadet Partisi\u2019nin Genel Ba\u015fkan\u0131 taraf\u0131ndan pazar g\u00fcn\u00fc Filistin ile Dayan\u0131\u015fma Mitingine davet edildim. Cumhuriyet Halk Partisi \u00f6rg\u00fct\u00fcyle birlikte \u00dcsk\u00fcdar\u2019da Saadet Partisi\u2019nin tertip etti\u011fi Filistin ile dayan\u0131\u015fma, \u0130srail\u2019i k\u0131nama mitingine gidece\u011fiz. Orada bir konu\u015fma yapaca\u011f\u0131z, Say\u0131n Genel Ba\u015fkan\u2019\u0131n talebi \u00fczerine. D\u00fcn ak\u015fam saatlerinde g\u00f6z\u00fc d\u00f6nm\u00fc\u015f \u0130srail\u2019in bu kez \u0130ran\u2019a sald\u0131rmas\u0131n\u0131 net, kesin bir dille k\u0131n\u0131yoruz. Diplomasiye alan a\u00e7\u0131lmas\u0131 laz\u0131m. Silahlara alan a\u00e7\u0131lmamas\u0131 laz\u0131m. Her iki taraf\u0131 da itidale, bar\u0131\u015fa davet ediyoruz. Uluslararas\u0131 toplumu bu konuda duyarl\u0131 olmaya, g\u00f6rev almaya davet ediyoruz. T\u00fcrkiye Cumhuriyeti\u2019nin de h\u00fck\u00fcmetin, \u0130srail\u2019e kar\u015f\u0131 m\u00fcsamahakar tutumunu, yumu\u015fak dilini, cesaretlendirici tav\u0131rlar\u0131n\u0131 bir an \u00f6nce terk etmesini, bir yalan oldu\u011fu art\u0131k kesin ve net ortaya \u00e7\u0131kan \u2018Filistin\u2019e gidiyor gemiler, \u0130srail ile ticaret yok\u2019 Filistin\u2019e makarna bile g\u00f6t\u00fcr\u00fclmesine izin vermediler, Madleen gemisini, 12 aktivisti ald\u0131lar. Tutuklad\u0131lar, zor serbest b\u0131rakt\u0131lar. Oradaki iki T\u00fcrk vatanda\u015f\u0131n\u0131n sa\u011f salim kurtulmu\u015f olmas\u0131ndan da b\u00fcy\u00fck bir memnuniyet duyuyoruz.&#8221; diye konu\u015ftu.<\/p>\n<p>&#8220;\u0130srail sessizlikten cesaret al\u0131yor&#8221;<br \/>\n<br \/>&#8220;Bir kez daha s\u00f6yl\u00fcyoruz. Bu \u0130srail sessizlikten, bu \u0130srail, \u2018Aman bunlar Trump ile aray\u0131 bozamazlar, bize bir \u015fey diyemezler, deseler de i\u015fte k\u00fc\u00e7\u00fck harflerle konu\u015furlar\u2019 meselesinden cesaret al\u0131yor.&#8221; diyen \u00d6zel, &#8220;Filistin\u2019de hayat\u0131n\u0131 kaybeden herkesin de d\u00fcn \u0130ran\u2019a yap\u0131lan sald\u0131r\u0131da \u00f6len ve yaralanan sivillerin de d\u00fcnya bar\u0131\u015f\u0131n\u0131 tehdit eden, T\u00fcrkiye\u2019nin yan\u0131 ba\u015f\u0131nda bir \u00fc\u00e7\u00fcnc\u00fc d\u00fcnya sava\u015f\u0131n\u0131 tetikleyebilecek olan azg\u0131nl\u0131\u011f\u0131n da mazur g\u00f6r\u00fclebilir bir taraf\u0131 yoktur. \u0130srail\u2019i kesin bir dille k\u0131n\u0131yoruz. H\u00fck\u00fcmetten de en sert tepkiyi bekliyoruz. Bir kez daha s\u00f6yl\u00fcyorum, bir kez de hastane bah\u00e7esinde s\u00f6ylemi\u015ftim, Madleen sald\u0131r\u0131s\u0131 s\u0131ras\u0131nda. \u0130srail\u2019in kar\u015f\u0131s\u0131nda net olsunlar, dik olsunlar; bizi yanlar\u0131nda bulurlar. Kar\u015f\u0131lar\u0131nda olmay\u0131z, arkalar\u0131na ge\u00e7eriz, en net deste\u011fi veririz. Ama b\u00f6yle m\u00fcsamahakar tutumlar, bug\u00fcne kadarki m\u00fcsamahakar tutumlar \u0130srail\u2019e cesaret veriyor. O zaman da en sert \u015fekilde ele\u015ftiririz. Filistin meselesi, T\u00fcrkiye\u2019nin ulusal meselesidir. H\u00fck\u00fcmetine buna uygun davranmaya davet ediyorum&#8221; diyerek, \u0130srail\u2019e kar\u015f\u0131 daha sert tepkiler verilmesi gerekti\u011fini s\u00f6yledi.<\/p>\n<p>Yeni ba\u015fkan pazartesi belli olacak<br \/>\n<br \/>Genel Ba\u015fkan \u00d6zel, bas\u0131n mensuplar\u0131n\u0131n sorular\u0131n\u0131 da yan\u0131tlad\u0131. Pazartesi g\u00fcn\u00fc ola\u011fan\u00fcst\u00fc toplant\u0131da Manisa B\u00fcy\u00fck\u015fehir Belediye Meclisinde yap\u0131lacak se\u00e7imlere ili\u015fkin soruya yan\u0131t veren \u00d6zel, &#8220;Arkada\u015flar, biz d\u00fcn belediye meclis grubumuzu buradaki mevlitten sonra toplad\u0131k. Arkada\u015flara \u2018Sizin bu konudaki g\u00f6r\u00fc\u015flerinizi duymak isteriz\u2019 dedik. \u00c7\u00fcnk\u00fc pazartesiye kondu. Ben de buradan ayr\u0131laca\u011f\u0131m. Ard\u0131ndan da Bayburt\u2019a, oradan \u00dcsk\u00fcdar\u2019a mitinglere gidece\u011fim. \u2018G\u00f6r\u00fc\u015flerinizi duymak isteriz\u2019 dedik. Herkes Ferdi Ba\u015fkan\u2019la an\u0131lar\u0131n\u0131 anlatt\u0131. 58 arkada\u015f\u0131m\u0131z birden dediler ki, \u2018Pazartesi g\u00fcn\u00fc biz sizden bir isim duyar\u0131z, emanetiniz namusumuzdur. Kimi s\u00f6yl\u00fcyorsa partimiz, biz o arkada\u015f\u0131m\u0131z\u0131 se\u00e7eriz. Bug\u00fcn ne isim konu\u015fabiliriz, ne de herhangi bir talep s\u00f6yleriz.\u2019 Ki b\u00fct\u00fcn arkada\u015flar\u0131n birden de\u011ferlendirmesi, \u2018Bu vakitten sonra Ferdi\u2019nin hat\u0131ras\u0131 \u00f6n\u00fcnde sayg\u0131l\u0131 davranacak, ailesine sahip \u00e7\u0131kacak, Ferdi\u2019nin hayallerini ger\u00e7ekle\u015ftirecek birine ihtiya\u00e7 var. Onu partimiz g\u00f6revlendirir, biz sahip \u00e7\u0131kar\u0131z\u2019 dediler. Biz de te\u015fekk\u00fcr ettik. G\u00f6zya\u015flar\u0131 i\u00e7inde ve son derece duygulu bir toplant\u0131yd\u0131 zaten. \u0130\u015fin o k\u0131sm\u0131n\u0131 arkada\u015flar \u00f6yle \u00e7\u00f6z\u00fcmlemeyi tercih ettiler&#8221; \u015feklinde konu\u015ftu.<br \/>\n<br \/>\u00d6zel, &#8220;Manisa\u2019da s\u00fcren soru\u015fturma hakk\u0131nda yeni bir geli\u015fme var m\u0131&#8221; sorusunu ise \u015fu s\u00f6zlerle yan\u0131tlad\u0131: &#8220;Bende yok. Ben de yak\u0131ndan takip ediyorum. Olduk\u00e7a da zaten sizinle hem Ba\u015fsavc\u0131l\u0131k hem de Adalet Bakanl\u0131\u011f\u0131 payla\u015f\u0131yor. Biz de yak\u0131ndan takip ediyoruz. En titizlikle s\u00fcrd\u00fcr\u00fclmesini ve her \u015feyin ortaya \u00e7\u0131kar\u0131lmas\u0131n\u0131 ben de bekliyorum. Te\u015fekk\u00fcr ediyoruz.&#8221;<br \/>\n<br \/>Memleket Partisi Genel Ba\u015fkan\u0131 Muharrem \u0130nce ise \u015funlar\u0131 s\u00f6yledi: &#8220;Ferdi karde\u015fimiz, de\u011ferli belediye ba\u015fkan\u0131m\u0131z b\u00fct\u00fcn T\u00fcrkiye\u2019yi \u00fcz\u00fcnt\u00fcye bo\u011fdu. Ben ba\u015fta anne babas\u0131, e\u015fi, \u00e7ocuklar\u0131 Cumhuriyet Halk Partisi Genel Ba\u015fkan\u0131 \u00d6zg\u00fcr \u00d6zer olmak \u00fczere ve Cumhuriyet Halk Partisi camias\u0131na ve t\u00fcm Manisal\u0131lara ba\u015fsa\u011fl\u0131\u011f\u0131 diliyorum. Sab\u0131rlar diliyorum. Allah mekan\u0131n\u0131 cennet etsin.&#8221;<br \/><\/p>\n","protected":false},"excerpt":{"rendered":"<p>Cumhuriyet Halk Partisi Genel Ba\u015fkan\u0131 \u00d6zg\u00fcr \u00d6zel, Manisa\u2019da cuma namaz\u0131n\u0131n ard\u0131ndan beraberindeki Memleket Partisi Genel Ba\u015fkan\u0131 Muharrem \u0130nce ile birlikte a\u00e7\u0131klamalarda bulundu. Filistin meselesinin T\u00fcrkiye\u2019nin ulusal meselesi oldu\u011funu kaydeden \u00d6zel, pazar g\u00fcn\u00fc Saadet Partisi taraf\u0131ndan d\u00fczenlenecek olan Filistin ile Dayan\u0131\u015fma Mitingine kat\u0131lacaklar\u0131n\u0131 a\u00e7\u0131klad\u0131. Manisa B\u00fcy\u00fck\u015fehir Belediye Ba\u015fkan\u0131 Ferdi Zeyrek\u2019in taziye program\u0131n\u0131n tamamlanmas\u0131n\u0131n ard\u0131ndan Manisa Lokantac\u0131lar&#8230;<\/p>\n","protected":false},"author":1,"featured_media":34860,"comment_status":"open","ping_status":"open","sticky":false,"template":"","format":"standard","meta":{"_crdt_document":"","footnotes":""},"categories":[127],"tags":[],"class_list":["post-34859","post","type-post","status-publish","format-standard","has-post-thumbnail","hentry","category-siyaset"],"_links":{"self":[{"href":"https:\/\/www.egemtv.com\/index.php?rest_route=\/wp\/v2\/posts\/34859","targetHints":{"allow":["GET"]}}],"collection":[{"href":"https:\/\/www.egemtv.com\/index.php?rest_route=\/wp\/v2\/posts"}],"about":[{"href":"https:\/\/www.egemtv.com\/index.php?rest_route=\/wp\/v2\/types\/post"}],"author":[{"embeddable":true,"href":"https:\/\/www.egemtv.com\/index.php?rest_route=\/wp\/v2\/users\/1"}],"replies":[{"embeddable":true,"href":"https:\/\/www.egemtv.com\/index.php?rest_route=%2Fwp%2Fv2%2Fcomments&post=34859"}],"version-history":[{"count":1,"href":"https:\/\/www.egemtv.com\/index.php?rest_route=\/wp\/v2\/posts\/34859\/revisions"}],"predecessor-version":[{"id":34861,"href":"https:\/\/www.egemtv.com\/index.php?rest_route=\/wp\/v2\/posts\/34859\/revisions\/34861"}],"wp:featuredmedia":[{"embeddable":true,"href":"https:\/\/www.egemtv.com\/index.php?rest_route=\/wp\/v2\/media\/34860"}],"wp:attachment":[{"href":"https:\/\/www.egemtv.com\/index.php?rest_route=%2Fwp%2Fv2%2Fmedia&parent=34859"}],"wp:term":[{"taxonomy":"category","embeddable":true,"href":"https:\/\/www.egemtv.com\/index.php?rest_route=%2Fwp%2Fv2%2Fcategories&post=34859"},{"taxonomy":"post_tag","embeddable":true,"href":"https:\/\/www.egemtv.com\/index.php?rest_route=%2Fwp%2Fv2%2Ftags&post=34859"}],"curies":[{"name":"wp","href":"https:\/\/api.w.org\/{rel}","templated":true}]}}