{"id":34856,"date":"2025-06-13T15:56:32","date_gmt":"2025-06-13T12:56:32","guid":{"rendered":"https:\/\/www.egemtv.com\/?p=34856"},"modified":"2025-06-13T15:56:35","modified_gmt":"2025-06-13T12:56:35","slug":"akbabalar-fotokapanlarla-boyle-goruntulendi","status":"publish","type":"post","link":"https:\/\/www.egemtv.com\/?p=34856","title":{"rendered":"Akbabalar fotokapanlarla b\u00f6yle g\u00f6r\u00fcnt\u00fclendi"},"content":{"rendered":"<p>T\u00fcrkiye\u2019nin en \u00f6nemli tabiat parklar\u0131ndan biri olan Akda\u011f Tabiat Park\u0131\u2019nda kayal\u0131klardaki akbabalar\u0131n hareketleri, fotokapanlar taraf\u0131ndan anbean kay\u0131t alt\u0131na al\u0131nd\u0131.<br \/>\n<br \/>Do\u011fa Koruma ve Milli Parklar Afyonkarahisar 5. B\u00f6lge M\u00fcd\u00fcrl\u00fc\u011f\u00fc sosyal medya hesab\u0131ndan Akda\u011f\u2019daki do\u011fal ya\u015fam\u0131n fotokapanlara yans\u0131yan g\u00f6r\u00fcnt\u00fclerini payla\u015ft\u0131. Fotokapanlar bir kayal\u0131k \u00fczerine konan akbabalar\u0131n g\u00f6r\u00fcnt\u00fclerini anbean kay\u0131t alt\u0131na ald\u0131. G\u00f6r\u00fcnt\u00fcler \u00f6zellikle sosyal medyada b\u00fcy\u00fck ilgi g\u00f6rd\u00fc.<br \/><\/p>\n","protected":false},"excerpt":{"rendered":"<p>T\u00fcrkiye\u2019nin en \u00f6nemli tabiat parklar\u0131ndan biri olan Akda\u011f Tabiat Park\u0131\u2019nda kayal\u0131klardaki akbabalar\u0131n hareketleri, fotokapanlar taraf\u0131ndan anbean kay\u0131t alt\u0131na al\u0131nd\u0131. Do\u011fa Koruma ve Milli Parklar Afyonkarahisar 5. B\u00f6lge M\u00fcd\u00fcrl\u00fc\u011f\u00fc sosyal medya hesab\u0131ndan Akda\u011f\u2019daki do\u011fal ya\u015fam\u0131n fotokapanlara yans\u0131yan g\u00f6r\u00fcnt\u00fclerini payla\u015ft\u0131. Fotokapanlar bir kayal\u0131k \u00fczerine konan akbabalar\u0131n g\u00f6r\u00fcnt\u00fclerini anbean kay\u0131t alt\u0131na ald\u0131. G\u00f6r\u00fcnt\u00fcler \u00f6zellikle sosyal medyada b\u00fcy\u00fck ilgi&#8230;<\/p>\n","protected":false},"author":1,"featured_media":34857,"comment_status":"open","ping_status":"open","sticky":false,"template":"","format":"standard","meta":{"_crdt_document":"","footnotes":""},"categories":[1],"tags":[],"class_list":["post-34856","post","type-post","status-publish","format-standard","has-post-thumbnail","hentry","category-guncel"],"_links":{"self":[{"href":"https:\/\/www.egemtv.com\/index.php?rest_route=\/wp\/v2\/posts\/34856","targetHints":{"allow":["GET"]}}],"collection":[{"href":"https:\/\/www.egemtv.com\/index.php?rest_route=\/wp\/v2\/posts"}],"about":[{"href":"https:\/\/www.egemtv.com\/index.php?rest_route=\/wp\/v2\/types\/post"}],"author":[{"embeddable":true,"href":"https:\/\/www.egemtv.com\/index.php?rest_route=\/wp\/v2\/users\/1"}],"replies":[{"embeddable":true,"href":"https:\/\/www.egemtv.com\/index.php?rest_route=%2Fwp%2Fv2%2Fcomments&post=34856"}],"version-history":[{"count":1,"href":"https:\/\/www.egemtv.com\/index.php?rest_route=\/wp\/v2\/posts\/34856\/revisions"}],"predecessor-version":[{"id":34858,"href":"https:\/\/www.egemtv.com\/index.php?rest_route=\/wp\/v2\/posts\/34856\/revisions\/34858"}],"wp:featuredmedia":[{"embeddable":true,"href":"https:\/\/www.egemtv.com\/index.php?rest_route=\/wp\/v2\/media\/34857"}],"wp:attachment":[{"href":"https:\/\/www.egemtv.com\/index.php?rest_route=%2Fwp%2Fv2%2Fmedia&parent=34856"}],"wp:term":[{"taxonomy":"category","embeddable":true,"href":"https:\/\/www.egemtv.com\/index.php?rest_route=%2Fwp%2Fv2%2Fcategories&post=34856"},{"taxonomy":"post_tag","embeddable":true,"href":"https:\/\/www.egemtv.com\/index.php?rest_route=%2Fwp%2Fv2%2Ftags&post=34856"}],"curies":[{"name":"wp","href":"https:\/\/api.w.org\/{rel}","templated":true}]}}