{"id":34853,"date":"2025-06-13T15:36:45","date_gmt":"2025-06-13T12:36:45","guid":{"rendered":"https:\/\/www.egemtv.com\/?p=34853"},"modified":"2025-06-13T15:36:50","modified_gmt":"2025-06-13T12:36:50","slug":"nazilli-belediyesinden-uygulamali-mulakat","status":"publish","type":"post","link":"https:\/\/www.egemtv.com\/?p=34853","title":{"rendered":"Nazilli Belediyesi\u2019nden uygulamal\u0131 m\u00fclakat"},"content":{"rendered":"<p>Nazilli Belediyesi Park ve Bah\u00e7eler M\u00fcd\u00fcrl\u00fc\u011f\u00fc\u2019ne yap\u0131lacak personel al\u0131m\u0131 i\u00e7in s\u00f6zl\u00fc ve uygulamal\u0131 m\u00fclakat ger\u00e7ekle\u015ftirildi.<\/p>\n<p>Nazilli Belediyesi Park ve Bah\u00e7eler M\u00fcd\u00fcrl\u00fc\u011f\u00fc\u2019nde \u00e7al\u0131\u015ft\u0131rmak \u00fczere i\u015f kurumu \u00fczerinden a\u00e7\u0131lan 1 kaynak\u00e7\u0131, 1 budamac\u0131 ve 5 t\u0131rpanc\u0131 ilan\u0131na toplam 41 ki\u015fi ba\u015fvuruda bulundu. Nazilli Belediye Meclis Salonu\u2019nda yap\u0131lan ve Belediye Ba\u015fkan\u0131 Dr. Ertu\u011frul Tetik\u2019in de bizzat kat\u0131ld\u0131\u011f\u0131 s\u00f6zl\u00fc m\u00fclakatlar\u0131n ard\u0131ndan i\u015f kriterlerini ta\u015f\u0131yan 12 ki\u015fi pratik uygulama m\u00fclakat\u0131na davet edildi. Sahada y\u00fcr\u00fct\u00fclen m\u00fclakatlarda ba\u015far\u0131l\u0131 olanlar\u0131n ve s\u00f6z konusu i\u015fi en iyi \u015fekilde ger\u00e7ekle\u015ftirecek ki\u015filerin liyakat g\u00f6zetilerek i\u015fe al\u0131naca\u011f\u0131n\u0131 dile getiren Ba\u015fkan Tetik; &#8220;Ge\u00e7ti\u011fimiz g\u00fcnlerde belediyemiz i\u015fletmesi olan Menderes Restoran\u2019a personel al\u0131m\u0131 i\u00e7in de benzer bir \u00e7al\u0131\u015fma yapm\u0131\u015ft\u0131k. Bug\u00fcn de daha geni\u015f kapsaml\u0131 bir \u015fekilde liyakati g\u00f6zeterek al\u0131mlar\u0131m\u0131z\u0131 yapmaya devam ediyoruz. Sahadaki personel a\u00e7\u0131\u011f\u0131m\u0131z\u0131 kapatmak i\u00e7in i\u015f kurumu \u00fczerinden bir ilan yay\u0131nlad\u0131k. Ba\u015fvurular\u0131n tamamlanmas\u0131n\u0131n hemen ard\u0131ndan s\u00f6zl\u00fc m\u00fclakat\u0131m\u0131z\u0131 yapt\u0131k. Bug\u00fcn de sahada i\u015fi bizzat g\u00f6zlemleyerek s\u00fcreci y\u00fcr\u00fct\u00fcyoruz. Bu s\u00fcreci birlikte s\u00fcrd\u00fcrd\u00fc\u011f\u00fcm t\u00fcm ekip arkada\u015flar\u0131ma ve Nazilli Belediyesi\u2019nin kurumsall\u0131\u011f\u0131n g\u00fcvenerek yo\u011fun bir kat\u0131l\u0131m g\u00f6steren t\u00fcm halk\u0131m\u0131za te\u015fekk\u00fcre diyorum&#8221; dedi.<br \/><\/p>\n","protected":false},"excerpt":{"rendered":"<p>Nazilli Belediyesi Park ve Bah\u00e7eler M\u00fcd\u00fcrl\u00fc\u011f\u00fc\u2019ne yap\u0131lacak personel al\u0131m\u0131 i\u00e7in s\u00f6zl\u00fc ve uygulamal\u0131 m\u00fclakat ger\u00e7ekle\u015ftirildi. Nazilli Belediyesi Park ve Bah\u00e7eler M\u00fcd\u00fcrl\u00fc\u011f\u00fc\u2019nde \u00e7al\u0131\u015ft\u0131rmak \u00fczere i\u015f kurumu \u00fczerinden a\u00e7\u0131lan 1 kaynak\u00e7\u0131, 1 budamac\u0131 ve 5 t\u0131rpanc\u0131 ilan\u0131na toplam 41 ki\u015fi ba\u015fvuruda bulundu. Nazilli Belediye Meclis Salonu\u2019nda yap\u0131lan ve Belediye Ba\u015fkan\u0131 Dr. Ertu\u011frul Tetik\u2019in de bizzat kat\u0131ld\u0131\u011f\u0131 s\u00f6zl\u00fc&#8230;<\/p>\n","protected":false},"author":1,"featured_media":34854,"comment_status":"open","ping_status":"open","sticky":false,"template":"","format":"standard","meta":{"_crdt_document":"","footnotes":""},"categories":[1],"tags":[],"class_list":["post-34853","post","type-post","status-publish","format-standard","has-post-thumbnail","hentry","category-guncel"],"_links":{"self":[{"href":"https:\/\/www.egemtv.com\/index.php?rest_route=\/wp\/v2\/posts\/34853","targetHints":{"allow":["GET"]}}],"collection":[{"href":"https:\/\/www.egemtv.com\/index.php?rest_route=\/wp\/v2\/posts"}],"about":[{"href":"https:\/\/www.egemtv.com\/index.php?rest_route=\/wp\/v2\/types\/post"}],"author":[{"embeddable":true,"href":"https:\/\/www.egemtv.com\/index.php?rest_route=\/wp\/v2\/users\/1"}],"replies":[{"embeddable":true,"href":"https:\/\/www.egemtv.com\/index.php?rest_route=%2Fwp%2Fv2%2Fcomments&post=34853"}],"version-history":[{"count":1,"href":"https:\/\/www.egemtv.com\/index.php?rest_route=\/wp\/v2\/posts\/34853\/revisions"}],"predecessor-version":[{"id":34855,"href":"https:\/\/www.egemtv.com\/index.php?rest_route=\/wp\/v2\/posts\/34853\/revisions\/34855"}],"wp:featuredmedia":[{"embeddable":true,"href":"https:\/\/www.egemtv.com\/index.php?rest_route=\/wp\/v2\/media\/34854"}],"wp:attachment":[{"href":"https:\/\/www.egemtv.com\/index.php?rest_route=%2Fwp%2Fv2%2Fmedia&parent=34853"}],"wp:term":[{"taxonomy":"category","embeddable":true,"href":"https:\/\/www.egemtv.com\/index.php?rest_route=%2Fwp%2Fv2%2Fcategories&post=34853"},{"taxonomy":"post_tag","embeddable":true,"href":"https:\/\/www.egemtv.com\/index.php?rest_route=%2Fwp%2Fv2%2Ftags&post=34853"}],"curies":[{"name":"wp","href":"https:\/\/api.w.org\/{rel}","templated":true}]}}