{"id":34850,"date":"2025-06-13T15:36:41","date_gmt":"2025-06-13T12:36:41","guid":{"rendered":"https:\/\/www.egemtv.com\/?p=34850"},"modified":"2025-06-13T15:36:45","modified_gmt":"2025-06-13T12:36:45","slug":"incirliovada-zirai-alanda-cikan-yangin-sonduruldu","status":"publish","type":"post","link":"https:\/\/www.egemtv.com\/?p=34850","title":{"rendered":"\u0130ncirliova\u2019da zirai alanda \u00e7\u0131kan yang\u0131n s\u00f6nd\u00fcr\u00fcld\u00fc"},"content":{"rendered":"<p>Ayd\u0131n\u2019\u0131n \u0130ncirliova il\u00e7esinde zirai alanda \u00e7\u0131kan yang\u0131nda zeytin a\u011fa\u00e7lar\u0131 zarar g\u00f6rd\u00fc.<\/p>\n<p>Yang\u0131n, Karaba\u011flar Mahallesinin alt kesiminde bulunan zirai alanda \u00e7\u0131kt\u0131. Alevleri ve dumanlar\u0131 g\u00f6ren \u00e7evredeki vatanda\u015flar\u0131n ihbar\u0131 \u00fczerine olay yerine itfaiye ekipleri sevk edildi. Zeytinlik alandaki yang\u0131n itfaiye ekiplerinin m\u00fcdahalesi ile geni\u015f alana yay\u0131lmadan s\u00f6nd\u00fcr\u00fcld\u00fc. Yang\u0131nda bir itfaiye eri hafif \u015fekilde yaralan\u0131rken zeytin a\u011fa\u00e7lar\u0131 zarar g\u00f6rd\u00fc. Jandarma ekipleri, olaya ili\u015fkin ara\u015ft\u0131rma ba\u015flatt\u0131.<br \/><\/p>\n","protected":false},"excerpt":{"rendered":"<p>Ayd\u0131n\u2019\u0131n \u0130ncirliova il\u00e7esinde zirai alanda \u00e7\u0131kan yang\u0131nda zeytin a\u011fa\u00e7lar\u0131 zarar g\u00f6rd\u00fc. Yang\u0131n, Karaba\u011flar Mahallesinin alt kesiminde bulunan zirai alanda \u00e7\u0131kt\u0131. Alevleri ve dumanlar\u0131 g\u00f6ren \u00e7evredeki vatanda\u015flar\u0131n ihbar\u0131 \u00fczerine olay yerine itfaiye ekipleri sevk edildi. Zeytinlik alandaki yang\u0131n itfaiye ekiplerinin m\u00fcdahalesi ile geni\u015f alana yay\u0131lmadan s\u00f6nd\u00fcr\u00fcld\u00fc. Yang\u0131nda bir itfaiye eri hafif \u015fekilde yaralan\u0131rken zeytin a\u011fa\u00e7lar\u0131 zarar&#8230;<\/p>\n","protected":false},"author":1,"featured_media":34851,"comment_status":"open","ping_status":"open","sticky":false,"template":"","format":"standard","meta":{"_crdt_document":"","footnotes":""},"categories":[5],"tags":[],"class_list":["post-34850","post","type-post","status-publish","format-standard","has-post-thumbnail","hentry","category-asayis"],"_links":{"self":[{"href":"https:\/\/www.egemtv.com\/index.php?rest_route=\/wp\/v2\/posts\/34850","targetHints":{"allow":["GET"]}}],"collection":[{"href":"https:\/\/www.egemtv.com\/index.php?rest_route=\/wp\/v2\/posts"}],"about":[{"href":"https:\/\/www.egemtv.com\/index.php?rest_route=\/wp\/v2\/types\/post"}],"author":[{"embeddable":true,"href":"https:\/\/www.egemtv.com\/index.php?rest_route=\/wp\/v2\/users\/1"}],"replies":[{"embeddable":true,"href":"https:\/\/www.egemtv.com\/index.php?rest_route=%2Fwp%2Fv2%2Fcomments&post=34850"}],"version-history":[{"count":1,"href":"https:\/\/www.egemtv.com\/index.php?rest_route=\/wp\/v2\/posts\/34850\/revisions"}],"predecessor-version":[{"id":34852,"href":"https:\/\/www.egemtv.com\/index.php?rest_route=\/wp\/v2\/posts\/34850\/revisions\/34852"}],"wp:featuredmedia":[{"embeddable":true,"href":"https:\/\/www.egemtv.com\/index.php?rest_route=\/wp\/v2\/media\/34851"}],"wp:attachment":[{"href":"https:\/\/www.egemtv.com\/index.php?rest_route=%2Fwp%2Fv2%2Fmedia&parent=34850"}],"wp:term":[{"taxonomy":"category","embeddable":true,"href":"https:\/\/www.egemtv.com\/index.php?rest_route=%2Fwp%2Fv2%2Fcategories&post=34850"},{"taxonomy":"post_tag","embeddable":true,"href":"https:\/\/www.egemtv.com\/index.php?rest_route=%2Fwp%2Fv2%2Ftags&post=34850"}],"curies":[{"name":"wp","href":"https:\/\/api.w.org\/{rel}","templated":true}]}}