{"id":34847,"date":"2025-06-13T15:36:37","date_gmt":"2025-06-13T12:36:37","guid":{"rendered":"https:\/\/www.egemtv.com\/?p=34847"},"modified":"2025-06-13T15:36:41","modified_gmt":"2025-06-13T12:36:41","slug":"akrabasini-tornavida-ile-olduren-zanli-mahkemeye-sevk-edildi","status":"publish","type":"post","link":"https:\/\/www.egemtv.com\/?p=34847","title":{"rendered":"Akrabas\u0131n\u0131 tornavida ile \u00f6ld\u00fcren zanl\u0131 mahkemeye sevk edildi"},"content":{"rendered":"<p>Ayd\u0131n\u2019\u0131n \u0130ncirliova il\u00e7esinde tart\u0131\u015ft\u0131\u011f\u0131 akrabas\u0131n\u0131 tornavida ile \u00f6ld\u00fcren zanl\u0131, jandarmadaki i\u015flemlerinin ard\u0131ndan adliyeye sevk edildi.<br \/>\n<br \/>Olay, S\u0131n\u0131rteke Mahallesi\u2019nde sabah saatlerinde meydana geldi. Edinilen bilgiye g\u00f6re, tarlada iki akraba aras\u0131nda iddiaya g\u00f6re miras meselesi y\u00fcz\u00fcnden \u00e7\u0131kan tart\u0131\u015fma kavgaya d\u00f6n\u00fc\u015ft\u00fc.<br \/>\n<br \/>Ya\u015fanan arbedede O.K. (32), m\u0131s\u0131r sulayan akrabas\u0131 \u015eenol G\u00f6kta\u015f\u2019\u0131 (63) tornavida ile \u00f6ld\u00fcrd\u00fc. 112 Acil \u00c7a\u011fr\u0131 Merkezi\u2019ne yap\u0131lan ihbar \u00fczerine b\u00f6lgeye sa\u011fl\u0131k ve jandarma ekipleri sevk edildi. K\u0131sa s\u00fcre i\u00e7erisinde olay yerine gelen sa\u011fl\u0131k ekipleri yapt\u0131klar\u0131 kontrollerde G\u00f6kta\u015f\u2019\u0131n hayat\u0131n\u0131 kaybetti\u011fini belirledi. G\u00f6kta\u015f\u2019\u0131n cans\u0131z bedeni olay yeri inceleme \u00e7al\u0131\u015fmalar\u0131n\u0131n ard\u0131ndan hastane morguna kald\u0131r\u0131ld\u0131.<\/p>\n<p>Yakalan\u0131p adliyeye sevk edildi<br \/>\n<br \/>\u0130ncirliova \u0130l\u00e7e Jandarma Komutanl\u0131\u011f\u0131nca yap\u0131lan ara\u015ft\u0131rma sonucu olay \u015f\u00fcphelisi O.K. \u0130ncirliova il\u00e7esi merkezinde sakland\u0131\u011f\u0131 adreste operasyon ile k\u0131sk\u0131vrak yakalanarak g\u00f6zalt\u0131na al\u0131nd\u0131. \u015e\u00fcpheli O.K. jandarmadaki i\u015flemlerinin ard\u0131ndan adliyeye sevk edildi.<br \/><\/p>\n","protected":false},"excerpt":{"rendered":"<p>Ayd\u0131n\u2019\u0131n \u0130ncirliova il\u00e7esinde tart\u0131\u015ft\u0131\u011f\u0131 akrabas\u0131n\u0131 tornavida ile \u00f6ld\u00fcren zanl\u0131, jandarmadaki i\u015flemlerinin ard\u0131ndan adliyeye sevk edildi. Olay, S\u0131n\u0131rteke Mahallesi\u2019nde sabah saatlerinde meydana geldi. Edinilen bilgiye g\u00f6re, tarlada iki akraba aras\u0131nda iddiaya g\u00f6re miras meselesi y\u00fcz\u00fcnden \u00e7\u0131kan tart\u0131\u015fma kavgaya d\u00f6n\u00fc\u015ft\u00fc. Ya\u015fanan arbedede O.K. (32), m\u0131s\u0131r sulayan akrabas\u0131 \u015eenol G\u00f6kta\u015f\u2019\u0131 (63) tornavida ile \u00f6ld\u00fcrd\u00fc. 112 Acil \u00c7a\u011fr\u0131 Merkezi\u2019ne&#8230;<\/p>\n","protected":false},"author":1,"featured_media":34848,"comment_status":"open","ping_status":"open","sticky":false,"template":"","format":"standard","meta":{"_crdt_document":"","footnotes":""},"categories":[5],"tags":[],"class_list":["post-34847","post","type-post","status-publish","format-standard","has-post-thumbnail","hentry","category-asayis"],"_links":{"self":[{"href":"https:\/\/www.egemtv.com\/index.php?rest_route=\/wp\/v2\/posts\/34847","targetHints":{"allow":["GET"]}}],"collection":[{"href":"https:\/\/www.egemtv.com\/index.php?rest_route=\/wp\/v2\/posts"}],"about":[{"href":"https:\/\/www.egemtv.com\/index.php?rest_route=\/wp\/v2\/types\/post"}],"author":[{"embeddable":true,"href":"https:\/\/www.egemtv.com\/index.php?rest_route=\/wp\/v2\/users\/1"}],"replies":[{"embeddable":true,"href":"https:\/\/www.egemtv.com\/index.php?rest_route=%2Fwp%2Fv2%2Fcomments&post=34847"}],"version-history":[{"count":1,"href":"https:\/\/www.egemtv.com\/index.php?rest_route=\/wp\/v2\/posts\/34847\/revisions"}],"predecessor-version":[{"id":34849,"href":"https:\/\/www.egemtv.com\/index.php?rest_route=\/wp\/v2\/posts\/34847\/revisions\/34849"}],"wp:featuredmedia":[{"embeddable":true,"href":"https:\/\/www.egemtv.com\/index.php?rest_route=\/wp\/v2\/media\/34848"}],"wp:attachment":[{"href":"https:\/\/www.egemtv.com\/index.php?rest_route=%2Fwp%2Fv2%2Fmedia&parent=34847"}],"wp:term":[{"taxonomy":"category","embeddable":true,"href":"https:\/\/www.egemtv.com\/index.php?rest_route=%2Fwp%2Fv2%2Fcategories&post=34847"},{"taxonomy":"post_tag","embeddable":true,"href":"https:\/\/www.egemtv.com\/index.php?rest_route=%2Fwp%2Fv2%2Ftags&post=34847"}],"curies":[{"name":"wp","href":"https:\/\/api.w.org\/{rel}","templated":true}]}}